
{"id":8057,"date":"2026-02-02T11:14:12","date_gmt":"2026-02-02T11:14:12","guid":{"rendered":"https:\/\/assedel.org\/?p=8057"},"modified":"2026-03-12T14:48:28","modified_gmt":"2026-03-12T14:48:28","slug":"the-european-union-and-the-loss-of-its-moral-and-geopolitical-authority-a-conversation-with-the-mep-rudi-kennes","status":"publish","type":"post","link":"https:\/\/assedel.org\/fr\/the-european-union-and-the-loss-of-its-moral-and-geopolitical-authority-a-conversation-with-the-mep-rudi-kennes\/","title":{"rendered":"L\u2019Union europ\u00e9enne et la perte de son autorit\u00e9 morale et g\u00e9opolitique : un entretien avec le d\u00e9put\u00e9 europ\u00e9en Rudi Kennes"},"content":{"rendered":"<p>Lors des derni\u00e8res s\u00e9ances pl\u00e9ni\u00e8res de janvier \u00e0 Strasbourg, nous avons eu l'occasion de nous entretenir avec Rudi Kennes, d\u00e9put\u00e9 europ\u00e9en ind\u00e9pendant du groupe parlementaire de la Gauche (GUE\/NGL) et membre de la commission du commerce international (INTA). M. Kennes est tr\u00e8s soucieux du bien-\u00eatre des citoyens et de la d\u00e9fense de leurs droits, notamment en mati\u00e8re de droits des travailleurs. Il souligne \u00e9galement l'importance de prendre en compte les personnes sans emploi formel, qui contribuent pourtant \u00e0 la soci\u00e9t\u00e9 par leurs activit\u00e9s, m\u00eame si elles ne sont pas recens\u00e9es dans les statistiques.<\/p>\n\n\n\n<p>Au cours de notre conversation, il a partag\u00e9 son point de vue sur l'\u00e9tat des droits de l'homme dans le cadre de la commission INTA et a discut\u00e9 des principaux d\u00e9fis auxquels le Parlement europ\u00e9en est confront\u00e9 pour assurer la protection et la promotion des droits de l'homme.<\/p>\n\n\n\n<h2 class=\"wp-block-heading\">Repr\u00e9sentation erron\u00e9e des citoyens au Parlement europ\u00e9en<\/h2>\n\n\n\n<p>En tant qu\u2019ancien syndicaliste, Rudi Kennes reconna\u00eet l\u2019importance de repr\u00e9senter les personnes qui ne disposent pas d\u2019une voix forte au sein du Parlement europ\u00e9en. L\u2019une des principales pr\u00e9occupations qu\u2019il a soulign\u00e9es est le manque persistant de communication entre les citoyens qui subissent directement les cons\u00e9quences des d\u00e9cisions politiques et les responsables politiques charg\u00e9s de les repr\u00e9senter.<\/p>\n\n\n\n<p>As he told us: \u201cI am the first manual worker ever elected to the European Parliament from Belgium. What does that say? (\u2026) We can discuss what democracy is, but to keep it simple, let\u2019s say even in a civil democratic parliament, all communities should be represented, no? It\u2019s obvious that working class people are under- represented.\u201d<\/p>\n\n\n\n<p>M. Kennes souligne par ailleurs que les responsables politiques ne subissent souvent pas l'impact direct de leurs d\u00e9cisions de la m\u00eame mani\u00e8re que la population. De ce fait, ils peuvent avoir du mal \u00e0 adopter des mesures efficaces pour rem\u00e9dier aux cons\u00e9quences n\u00e9gatives de leurs politiques. Il est donc essentiel que les responsables politiques soient conscients des pr\u00e9occupations des citoyens et qu'ils dialoguent avec eux, au lieu de parler d'eux. Lorsque des accords politiques sont adopt\u00e9s uniquement en fonction des int\u00e9r\u00eats des responsables politiques, sans tenir compte des revendications actuelles des citoyens europ\u00e9ens, cela constitue une grave erreur et r\u00e9v\u00e8le une d\u00e9faillance plus profonde du syst\u00e8me d\u00e9mocratique. Face \u00e0 de tels d\u00e9veloppements, les syndicats se mobilisent souvent contre ces changements par le biais de gr\u00e8ves et d'autres formes d'action collective.<\/p>\n\n\n\n<p>Il poursuit : \u00ab Je consid\u00e8re toujours une gr\u00e8ve aujourd\u2019hui comme un \u00e9chec (m\u00eame s\u2019il est important de faire gr\u00e8ve). C\u2019est un \u00e9chec parce que nous n\u2019avons pas \u00e9t\u00e9 capables de parvenir \u00e0 un consensus ou \u00e0 un accord (\u2026). \u00bb<\/p>\n\n\n\n<h2 class=\"wp-block-heading\">Le travail limit\u00e9 men\u00e9 au sein du comit\u00e9 INTA sur les droits de l'homme<\/h2>\n\n\n\n<p>Selon Rudi Kennes, les efforts visant \u00e0 r\u00e9pondre aux questions humanitaires au sein de la Commission du commerce international (INTA) sont limit\u00e9s en raison du fonctionnement structurel du Parlement europ\u00e9en.\nCompte tenu de la composition actuelle du Parlement, les groupes politiques dominants peuvent souvent prendre des d\u00e9cisions sans tenir pleinement compte des points de vue ou du soutien des groupes plus restreints, en particulier ceux de gauche, qui peinent \u00e0 inscrire des politiques progressistes \u00e0 l\u2019ordre du jour en raison de la taille r\u00e9duite de leur groupe.<br>Il souligne l\u2019importance de disposer d\u2019une majorit\u00e9 afin de contr\u00f4ler l\u2019ordre du jour de la commission et fait remarquer que la repr\u00e9sentation des groupes parlementaires n\u2019est pas suffisamment \u00e9quilibr\u00e9e pour garantir que toutes les voix diverses soient prises en compte de mani\u00e8re ad\u00e9quate.<\/p>\n\n\n\n<p>Ce d\u00e9s\u00e9quilibre rend difficile l'introduction de nouveaux sujets \u00e0 l'ordre du jour de la commission, afin que tous les groupes parlementaires puissent en d\u00e9battre dans des conditions d'\u00e9galit\u00e9. En fin de compte, il conduit \u00e0 la marginalisation des pr\u00e9occupations sociales et humanitaires au profit de priorit\u00e9s politiques plus importantes, telles que les accords \u00e9conomiques et commerciaux.<\/p>\n\n\n\n<h2 class=\"wp-block-heading\">L'Union europ\u00e9enne perd son autorit\u00e9 morale<\/h2>\n\n\n\n<p>Enfin, Rudi Kennes a soulign\u00e9 la capacit\u00e9 limit\u00e9e de l\u2019Union europ\u00e9enne \u00e0 convaincre les gouvernements d\u2019agir en d\u00e9fense des droits de l\u2019homme. Il a \u00e9voqu\u00e9 l\u2019absence d\u2019un leadership fort au sein de l\u2019UE, affirmant que l\u2019\u00e9mergence de nouveaux acteurs internationaux, tels que Donald Trump, affaiblit davantage l\u2019engagement en faveur de la pr\u00e9servation des valeurs consacr\u00e9es par la Charte des Nations unies.\nCette \u00e9volution affaiblit encore davantage l\u2019autorit\u00e9 morale de l\u2019UE ainsi que sa cr\u00e9dibilit\u00e9 en tant qu\u2019acteur \u00ab respect\u00e9 \u00bb sur la sc\u00e8ne internationale.<br>Alors que la violence s\u2019intensifie dans de nombreuses r\u00e9gions du monde et que les populations continuent de subir les cons\u00e9quences des conflits et des destructions, l\u2019Union europ\u00e9enne ne se montre pas constante ni ferme dans la condamnation des violations graves des droits de l\u2019homme. Son attitude passive face aux crises en cours refl\u00e8te un \u00e9loignement croissant des priorit\u00e9s humanitaires au profit des objectifs \u00e9conomiques.<\/p>\n\n\n\n<p>Mr. Kennes refers to the current situation in Gaza and the continuing agreement between the EU and Israel as an example of this decline in moral authority: \u201c(\u2026) let\u2019s say the turning point I think is really the Gaza discussion. I don\u2019t think that the European Union has moral authority anymore. Who are we today to say to other countries \u2018you  have to behave like this\u2019 when we ourselves do not challenge the most obvious violations of international law?\u201d<\/p>\n\n\n\n<p>ASSEDEL, bas\u00e9 \u00e0 Strasbourg et engag\u00e9 dans la promotion des droits de l'homme et des valeurs europ\u00e9ennes, continue de suivre et d'\u00e9clairer les \u00e9volutions qui fa\u00e7onnent l'avenir de la d\u00e9mocratie europ\u00e9enne et des relations internationales.<\/p>","protected":false},"excerpt":{"rendered":"<p>During the final plenary sessions of January in Strasbourg, we had the opportunity to speak with Rudi Kennes, an independent Member of&#8230;<\/p>","protected":false},"author":864,"featured_media":8063,"comment_status":"closed","ping_status":"closed","sticky":false,"template":"","format":"standard","meta":{"give_campaign_id":0,"_uag_custom_page_level_css":"","footnotes":""},"categories":[92,1509,1499,22],"tags":[],"class_list":{"0":"post-8057","1":"post","2":"type-post","3":"status-publish","4":"format-standard","5":"has-post-thumbnail","7":"category-actualites-fr","8":"category-entretiens","9":"category-interviews","10":"category-news-eng"},"uagb_featured_image_src":{"full":["https:\/\/assedel.org\/wp-content\/uploads\/2026\/02\/IMG_7943-1-scaled.jpg",2560,1920,false],"thumbnail":["https:\/\/assedel.org\/wp-content\/uploads\/2026\/02\/IMG_7943-1-150x150.jpg",150,150,true],"medium":["https:\/\/assedel.org\/wp-content\/uploads\/2026\/02\/IMG_7943-1-300x225.jpg",300,225,true],"medium_large":["https:\/\/assedel.org\/wp-content\/uploads\/2026\/02\/IMG_7943-1-768x576.jpg",768,576,true],"large":["https:\/\/assedel.org\/wp-content\/uploads\/2026\/02\/IMG_7943-1-1024x768.jpg",1024,768,true],"1536x1536":["https:\/\/assedel.org\/wp-content\/uploads\/2026\/02\/IMG_7943-1-1536x1152.jpg",1536,1152,true],"2048x2048":["https:\/\/assedel.org\/wp-content\/uploads\/2026\/02\/IMG_7943-1-2048x1536.jpg",2048,1536,true],"trp-custom-language-flag":["https:\/\/assedel.org\/wp-content\/uploads\/2026\/02\/IMG_7943-1-16x12.jpg",16,12,true],"inhype-blog-thumb":["https:\/\/assedel.org\/wp-content\/uploads\/2026\/02\/IMG_7943-1-1140x694.jpg",1140,694,true],"inhype-blog-thumb-grid":["https:\/\/assedel.org\/wp-content\/uploads\/2026\/02\/IMG_7943-1-555x360.jpg",555,360,true],"inhype-blog-thumb-widget":["https:\/\/assedel.org\/wp-content\/uploads\/2026\/02\/IMG_7943-1-220x180.jpg",220,180,true],"inhype-blog-thumb-masonry":["https:\/\/assedel.org\/wp-content\/uploads\/2026\/02\/IMG_7943-1-360x270.jpg",360,270,true]},"uagb_author_info":{"display_name":"Pablo De la serna","author_link":"https:\/\/assedel.org\/fr\/author\/pablo\/"},"uagb_comment_info":0,"uagb_excerpt":"During the final plenary sessions of January in Strasbourg, we had the opportunity to speak with Rudi Kennes, an independent Member of...","amp_enabled":true,"_links":{"self":[{"href":"https:\/\/assedel.org\/fr\/wp-json\/wp\/v2\/posts\/8057","targetHints":{"allow":["GET"]}}],"collection":[{"href":"https:\/\/assedel.org\/fr\/wp-json\/wp\/v2\/posts"}],"about":[{"href":"https:\/\/assedel.org\/fr\/wp-json\/wp\/v2\/types\/post"}],"author":[{"embeddable":true,"href":"https:\/\/assedel.org\/fr\/wp-json\/wp\/v2\/users\/864"}],"replies":[{"embeddable":true,"href":"https:\/\/assedel.org\/fr\/wp-json\/wp\/v2\/comments?post=8057"}],"version-history":[{"count":5,"href":"https:\/\/assedel.org\/fr\/wp-json\/wp\/v2\/posts\/8057\/revisions"}],"predecessor-version":[{"id":8065,"href":"https:\/\/assedel.org\/fr\/wp-json\/wp\/v2\/posts\/8057\/revisions\/8065"}],"wp:featuredmedia":[{"embeddable":true,"href":"https:\/\/assedel.org\/fr\/wp-json\/wp\/v2\/media\/8063"}],"wp:attachment":[{"href":"https:\/\/assedel.org\/fr\/wp-json\/wp\/v2\/media?parent=8057"}],"wp:term":[{"taxonomy":"category","embeddable":true,"href":"https:\/\/assedel.org\/fr\/wp-json\/wp\/v2\/categories?post=8057"},{"taxonomy":"post_tag","embeddable":true,"href":"https:\/\/assedel.org\/fr\/wp-json\/wp\/v2\/tags?post=8057"}],"curies":[{"name":"wp","href":"https:\/\/api.w.org\/{rel}","templated":true}]}}