
{"id":8029,"date":"2026-01-26T10:27:08","date_gmt":"2026-01-26T10:27:08","guid":{"rendered":"https:\/\/assedel.org\/?p=8029"},"modified":"2026-04-10T12:41:38","modified_gmt":"2026-04-10T12:41:38","slug":"trade-human-rights-and-double-standards-a-conversation-with-mep-danilo-della-valle","status":"publish","type":"post","link":"https:\/\/assedel.org\/fr\/trade-human-rights-and-double-standards-a-conversation-with-mep-danilo-della-valle\/","title":{"rendered":"Commerce, droits humains et doubles standards\u202f: un entretien avec le d\u00e9put\u00e9 europ\u00e9en Danilo Della\u202fValle"},"content":{"rendered":"<p>Dans un contexte marqu\u00e9 par des tensions g\u00e9opolitiques croissantes et un examen de plus en plus minutieux de l'action ext\u00e9rieure de l'UE, ASDESEL s'est entretenu avec Danilo Della Valle, d\u00e9put\u00e9 europ\u00e9en du parti Gauche et membre de la commission du commerce international, qui travaille \u00e9galement en \u00e9troite collaboration avec les commissions des affaires \u00e9trang\u00e8res et des droits de l'homme.<\/p>\n\n\n\n<p>Lors de l\u2019entretien, le d\u00e9put\u00e9 europ\u00e9en Della Valle a r\u00e9fl\u00e9chi aux priorit\u00e9s commerciales actuelles, au lien entre le commerce et les droits humains, ainsi qu\u2019\u00e0 ce qu\u2019il a d\u00e9crit comme des incoh\u00e9rences persistantes dans la politique \u00e9trang\u00e8re de l\u2019UE.<\/p>\n\n\n\n<h2 class=\"wp-block-heading\"><strong>Mesures commerciales et interdiction du gaz russe<\/strong><\/h2>\n\n\n\n<p>Le d\u00e9put\u00e9 europ\u00e9en Della Valle a soulign\u00e9 les discussions r\u00e9centes au sein de la Commission du commerce international concernant l\u2019interdiction propos\u00e9e des importations de gaz russe d\u2019ici 2027. Il a d\u00e9crit ce dossier comme complexe et a insist\u00e9 sur l\u2019importance de veiller \u00e0 ce que de telles mesures n\u2019impactent pas de mani\u00e8re disproportionn\u00e9e les entreprises et les m\u00e9nages europ\u00e9ens, sans produire de r\u00e9sultats concrets dans la r\u00e9ponse \u00e0 la guerre de la Russie en Ukraine.<\/p>\n\n\n\n<h2 class=\"wp-block-heading\"><strong>Commerce, droits de l'homme et cloisonnement institutionnel<\/strong><\/h2>\n\n\n\n<p>Concernant les relations entre les comit\u00e9s du commerce et des droits de l'homme, il a reconnu que la coop\u00e9ration demeurait limit\u00e9e. Il a toutefois soulign\u00e9 la n\u00e9cessit\u00e9 d'une coordination renforc\u00e9e, notamment dans les contextes o\u00f9 les instruments \u00e9conomiques ont une incidence directe sur les droits de l'homme, citant en exemple les relations de l'UE avec l'\u00c9gypte et les initiatives de microfinance.<\/p>\n\n\n\n<h2 class=\"wp-block-heading\"><strong>Double standard dans la politique ext\u00e9rieure de l\u2019UE<\/strong><\/h2>\n\n\n\n<p>Le d\u00e9put\u00e9 europ\u00e9en Della Valle a port\u00e9 un regard critique sur les relations commerciales de l'UE avec les \u00c9tats autoritaires, arguant que l'Union n'a pas encore clairement d\u00e9fini ses v\u00e9ritables objectifs en mati\u00e8re de politique \u00e9trang\u00e8re. Il a averti que les flagrants deux poids, deux mesures \u2013 notamment dans les approches divergentes de l'UE \u00e0 l'\u00e9gard d'Isra\u00ebl et de la Russie \u2013 risquent de nuire \u00e0 la cr\u00e9dibilit\u00e9 des valeurs europ\u00e9ennes sur la sc\u00e8ne internationale.<\/p>\n\n\n\n<h2 class=\"wp-block-heading\"><strong>Sahara occidental et relations UE\u2013Maroc<\/strong><\/h2>\n\n\n\n<p>La conversation s'est conclue par une discussion sur l'accord commercial UE-Maroc et le Sahara occidental, suite \u00e0 une question orale pos\u00e9e \u00e0 la Commission europ\u00e9enne apr\u00e8s les r\u00e9cents arr\u00eats de la Cour de justice. Au moment de l'entretien, aucune r\u00e9ponse n'avait \u00e9t\u00e9 re\u00e7ue, ce qui, selon Della Valle, t\u00e9moigne de la sensibilit\u00e9 politique du sujet et de la position \u00e9conomique privil\u00e9gi\u00e9e du Maroc dans ses relations avec l'UE.<\/p>\n\n\n\n<p>ASSEDEL, bas\u00e9 \u00e0 Strasbourg et engag\u00e9 dans la promotion des droits de l'homme et des valeurs europ\u00e9ennes, continue de suivre et d'\u00e9clairer les \u00e9volutions qui fa\u00e7onnent l'avenir de la d\u00e9mocratie europ\u00e9enne et des relations internationales.<\/p>\n\n\n\n<p>Regardez l'interview compl\u00e8te sur notre cha\u00eene YouTube ! <a href=\"https:\/\/youtu.be\/w6SGKEdutuQ?si=yg0VOfUcfY5wAds3\" data-type=\"link\" data-id=\"https:\/\/youtu.be\/w6SGKEdutuQ?si=yg0VOfUcfY5wAds3\">YouTube <\/a>channel!<\/p>\n\n\n\n<figure class=\"wp-block-embed is-type-video is-provider-youtube wp-block-embed-youtube wp-embed-aspect-16-9 wp-has-aspect-ratio\"><div class=\"wp-block-embed__wrapper\">\n<div class=\"embed-container\"><iframe loading=\"lazy\" title=\"Interview Series - 10 - Danilo Della Valle (Member of the European Parliament)\" width=\"1140\" height=\"641\" src=\"https:\/\/www.youtube.com\/embed\/w6SGKEdutuQ?feature=oembed\" frameborder=\"0\" allow=\"accelerometer; autoplay; clipboard-write; encrypted-media; gyroscope; picture-in-picture; web-share\" referrerpolicy=\"strict-origin-when-cross-origin\" allowfullscreen><\/iframe><\/div>\n<\/div><\/figure>","protected":false},"excerpt":{"rendered":"<p>In a context marked by growing geopolitical tensions and increasing scrutiny of EU external action, ASSEDEL spoke with Danilo Della Valle, Member&#8230;<\/p>","protected":false},"author":864,"featured_media":8032,"comment_status":"closed","ping_status":"closed","sticky":false,"template":"","format":"standard","meta":{"give_campaign_id":0,"_uag_custom_page_level_css":"","footnotes":""},"categories":[92,1509,1499,22],"tags":[],"class_list":{"0":"post-8029","1":"post","2":"type-post","3":"status-publish","4":"format-standard","5":"has-post-thumbnail","7":"category-actualites-fr","8":"category-entretiens","9":"category-interviews","10":"category-news-eng"},"uagb_featured_image_src":{"full":["https:\/\/assedel.org\/wp-content\/uploads\/2026\/01\/Horizontal-Cover-Pages-YouTube-Website-2.png",1280,720,false],"thumbnail":["https:\/\/assedel.org\/wp-content\/uploads\/2026\/01\/Horizontal-Cover-Pages-YouTube-Website-2-150x150.png",150,150,true],"medium":["https:\/\/assedel.org\/wp-content\/uploads\/2026\/01\/Horizontal-Cover-Pages-YouTube-Website-2-300x169.png",300,169,true],"medium_large":["https:\/\/assedel.org\/wp-content\/uploads\/2026\/01\/Horizontal-Cover-Pages-YouTube-Website-2-768x432.png",768,432,true],"large":["https:\/\/assedel.org\/wp-content\/uploads\/2026\/01\/Horizontal-Cover-Pages-YouTube-Website-2-1024x576.png",1024,576,true],"1536x1536":["https:\/\/assedel.org\/wp-content\/uploads\/2026\/01\/Horizontal-Cover-Pages-YouTube-Website-2.png",1280,720,false],"2048x2048":["https:\/\/assedel.org\/wp-content\/uploads\/2026\/01\/Horizontal-Cover-Pages-YouTube-Website-2.png",1280,720,false],"trp-custom-language-flag":["https:\/\/assedel.org\/wp-content\/uploads\/2026\/01\/Horizontal-Cover-Pages-YouTube-Website-2-18x10.png",18,10,true],"inhype-blog-thumb":["https:\/\/assedel.org\/wp-content\/uploads\/2026\/01\/Horizontal-Cover-Pages-YouTube-Website-2-1140x694.png",1140,694,true],"inhype-blog-thumb-grid":["https:\/\/assedel.org\/wp-content\/uploads\/2026\/01\/Horizontal-Cover-Pages-YouTube-Website-2-555x360.png",555,360,true],"inhype-blog-thumb-widget":["https:\/\/assedel.org\/wp-content\/uploads\/2026\/01\/Horizontal-Cover-Pages-YouTube-Website-2-220x180.png",220,180,true],"inhype-blog-thumb-masonry":["https:\/\/assedel.org\/wp-content\/uploads\/2026\/01\/Horizontal-Cover-Pages-YouTube-Website-2-360x203.png",360,203,true]},"uagb_author_info":{"display_name":"Pablo De la serna","author_link":"https:\/\/assedel.org\/fr\/author\/pablo\/"},"uagb_comment_info":0,"uagb_excerpt":"In a context marked by growing geopolitical tensions and increasing scrutiny of EU external action, ASSEDEL spoke with Danilo Della Valle, Member...","amp_enabled":true,"_links":{"self":[{"href":"https:\/\/assedel.org\/fr\/wp-json\/wp\/v2\/posts\/8029","targetHints":{"allow":["GET"]}}],"collection":[{"href":"https:\/\/assedel.org\/fr\/wp-json\/wp\/v2\/posts"}],"about":[{"href":"https:\/\/assedel.org\/fr\/wp-json\/wp\/v2\/types\/post"}],"author":[{"embeddable":true,"href":"https:\/\/assedel.org\/fr\/wp-json\/wp\/v2\/users\/864"}],"replies":[{"embeddable":true,"href":"https:\/\/assedel.org\/fr\/wp-json\/wp\/v2\/comments?post=8029"}],"version-history":[{"count":1,"href":"https:\/\/assedel.org\/fr\/wp-json\/wp\/v2\/posts\/8029\/revisions"}],"predecessor-version":[{"id":8031,"href":"https:\/\/assedel.org\/fr\/wp-json\/wp\/v2\/posts\/8029\/revisions\/8031"}],"wp:featuredmedia":[{"embeddable":true,"href":"https:\/\/assedel.org\/fr\/wp-json\/wp\/v2\/media\/8032"}],"wp:attachment":[{"href":"https:\/\/assedel.org\/fr\/wp-json\/wp\/v2\/media?parent=8029"}],"wp:term":[{"taxonomy":"category","embeddable":true,"href":"https:\/\/assedel.org\/fr\/wp-json\/wp\/v2\/categories?post=8029"},{"taxonomy":"post_tag","embeddable":true,"href":"https:\/\/assedel.org\/fr\/wp-json\/wp\/v2\/tags?post=8029"}],"curies":[{"name":"wp","href":"https:\/\/api.w.org\/{rel}","templated":true}]}}