
{"id":7793,"date":"2025-12-02T09:24:56","date_gmt":"2025-12-02T09:24:56","guid":{"rendered":"https:\/\/assedel.org\/?p=7793"},"modified":"2025-12-02T09:24:57","modified_gmt":"2025-12-02T09:24:57","slug":"interview-with-michael-mcnamara-irish-mep-challenges-and-realities-in-europes-democratic-landscape","status":"publish","type":"post","link":"https:\/\/assedel.org\/fr\/interview-with-michael-mcnamara-irish-mep-challenges-and-realities-in-europes-democratic-landscape\/","title":{"rendered":"Entretien avec Michael McNamara, d\u00e9put\u00e9 europ\u00e9en irlandais : d\u00e9fis et r\u00e9alit\u00e9s dans le paysage d\u00e9mocratique europ\u00e9en"},"content":{"rendered":"<p>L'ASSEDEL a eu l'honneur de s'entretenir avec Michael McNamara, d\u00e9put\u00e9 europ\u00e9en irlandais, membre du groupe Renew Europe et de la commission des libert\u00e9s civiles, de la justice et des affaires int\u00e9rieures (LIBE) du Parlement europ\u00e9en. Nous avons abord\u00e9 les d\u00e9fis urgents auxquels l'Europe est confront\u00e9e aujourd'hui, de la protection des libert\u00e9s civiles \u00e0 la gestion des tensions g\u00e9opolitiques mondiales.<\/p>\n\n\n\n<p><strong>Le mandat \u00e9largi de la commission LIBE<\/strong><strong><\/strong><\/p>\n\n\n\n<p>LIBE\u2019s work spans a wide array of justice-related issues, and Mr. McNamara underscores that pinpointing a single priority is difficult. Individual MEPs often gravitate toward different areas. For many in the committee, rule of law is an important focus, while others focus on migration policy, and so on. McNamara himself focuses on digital rights and data privacy. He explains that simplification is a major thrust of the Parliament in this mandate, and stresses that as this moves forward, it will be crucial to ensure that fundamental freedoms remain fully protected and are not weakened in the process.<\/p>\n\n\n\n<p><strong>Contraction des m\u00e9dias et IA : une menace pour la d\u00e9mocratie<\/strong><\/p>\n\n\n\n<p>McNamara consid\u00e8re que le d\u00e9clin des m\u00e9dias ind\u00e9pendants constitue l'une des menaces les plus graves pour les libert\u00e9s civiles et l'\u00c9tat de droit en Europe. Il estime que l'essor des moteurs de recherche bas\u00e9s sur l'intelligence artificielle, qui fournissent des r\u00e9ponses uniques plut\u00f4t que des sources diverses, perturbe la capacit\u00e9 des journalistes \u00e0 mon\u00e9tiser leur travail. Avec moins de plateformes soutenant le journalisme d'investigation, le public risque d'\u00eatre moins inform\u00e9 des violations des droits humains, ce qui constitue une tendance inqui\u00e9tante pour la responsabilit\u00e9 d\u00e9mocratique.<\/p>\n\n\n\n<p>\u201cIf nobody knows about human rights violations, well then they\u2019re less likely to be addressed.\u201d<\/p>\n\n\n\n<p>\u00c0 cela s'ajoute une culture plus g\u00e9n\u00e9rale d'intol\u00e9rance et des restrictions croissantes \u00e0 la libert\u00e9 d'expression.<\/p>\n\n\n\n<p><strong>R\u00e9glementation technologique : l'UE est-elle trop rapide ou trop lente ?<\/strong><strong><\/strong><\/p>\n\n\n\n<p>Les d\u00e9tracteurs accusent souvent les gouvernements d'\u00eatre trop lents \u00e0 r\u00e9agir aux changements technologiques, mais M. McNamara souligne que l'UE a en fait \u00e9t\u00e9 un leader mondial en mati\u00e8re de r\u00e9glementation technologique, en citant des l\u00e9gislations cl\u00e9s telles que la loi sur les services num\u00e9riques (DSA), la loi sur les march\u00e9s num\u00e9riques (DMA) et la loi sur l'IA. Cependant, il reconna\u00eet \u00e9galement la r\u00e9action n\u00e9gative croissante de l'industrie et la pression exerc\u00e9e pour ralentir ou \u00ab simplifier \u00bb certaines parties de ces cadres r\u00e9glementaires.<\/p>\n\n\n\n<p><strong>D\u00e9fendre l'\u00c9tat de droit chez nous et \u00e0 l'\u00e9tranger<\/strong><strong><\/strong><\/p>\n\n\n\n<p>Pour r\u00e9pondre aux inqui\u00e9tudes concernant le recul de la d\u00e9mocratie dans les \u00c9tats membres de l'UE, McNamara cite les mesures actuellement prises \u00e0 l'encontre de la Hongrie et, dans une moindre mesure, de la Pologne. Il sugg\u00e8re toutefois que les pr\u00e9jug\u00e9s politiques peuvent influencer le s\u00e9rieux avec lequel ces pr\u00e9occupations sont prises en compte, en particulier lorsque les gouvernements nationaux s'alignent sur les blocs politiques au sein du Parlement.<\/p>\n\n\n\n<p>Regardez l'interview compl\u00e8te sur notre cha\u00eene YouTube !\u00a0<a href=\"https:\/\/www.youtube.com\/watch?v=IQmvygMguLE\" data-type=\"link\" data-id=\"https:\/\/www.youtube.com\/watch?v=IQmvygMguLE\">YouTube<\/a>\u00a0channel!<\/p>\n\n\n\n<figure class=\"wp-block-embed is-type-video is-provider-youtube wp-block-embed-youtube wp-embed-aspect-16-9 wp-has-aspect-ratio\"><div class=\"wp-block-embed__wrapper\">\n<div class=\"embed-container\"><iframe loading=\"lazy\" title=\"Interview Series - 9 - Michael McNamara (Member of the European Parliament)\" width=\"1140\" height=\"641\" src=\"https:\/\/www.youtube.com\/embed\/IQmvygMguLE?feature=oembed\" frameborder=\"0\" allow=\"accelerometer; autoplay; clipboard-write; encrypted-media; gyroscope; picture-in-picture; web-share\" referrerpolicy=\"strict-origin-when-cross-origin\" allowfullscreen><\/iframe><\/div>\n<\/div><\/figure>","protected":false},"excerpt":{"rendered":"<p>ASSEDEL had the honor to speak with Irish MEP Michael McNamara, member of the Renew Europe group and the European Parliament\u2019s Committee&#8230;<\/p>","protected":false},"author":1,"featured_media":7794,"comment_status":"closed","ping_status":"closed","sticky":false,"template":"","format":"standard","meta":{"give_campaign_id":0,"_uag_custom_page_level_css":"","footnotes":""},"categories":[92,1509,1499,22],"tags":[],"class_list":{"0":"post-7793","1":"post","2":"type-post","3":"status-publish","4":"format-standard","5":"has-post-thumbnail","7":"category-actualites-fr","8":"category-entretiens","9":"category-interviews","10":"category-news-eng"},"uagb_featured_image_src":{"full":["https:\/\/assedel.org\/wp-content\/uploads\/2025\/12\/WhatsApp-Image-2025-12-02-at-10.04.46.jpeg",1280,720,false],"thumbnail":["https:\/\/assedel.org\/wp-content\/uploads\/2025\/12\/WhatsApp-Image-2025-12-02-at-10.04.46-150x150.jpeg",150,150,true],"medium":["https:\/\/assedel.org\/wp-content\/uploads\/2025\/12\/WhatsApp-Image-2025-12-02-at-10.04.46-300x169.jpeg",300,169,true],"medium_large":["https:\/\/assedel.org\/wp-content\/uploads\/2025\/12\/WhatsApp-Image-2025-12-02-at-10.04.46-768x432.jpeg",768,432,true],"large":["https:\/\/assedel.org\/wp-content\/uploads\/2025\/12\/WhatsApp-Image-2025-12-02-at-10.04.46-1024x576.jpeg",1024,576,true],"1536x1536":["https:\/\/assedel.org\/wp-content\/uploads\/2025\/12\/WhatsApp-Image-2025-12-02-at-10.04.46.jpeg",1280,720,false],"2048x2048":["https:\/\/assedel.org\/wp-content\/uploads\/2025\/12\/WhatsApp-Image-2025-12-02-at-10.04.46.jpeg",1280,720,false],"trp-custom-language-flag":["https:\/\/assedel.org\/wp-content\/uploads\/2025\/12\/WhatsApp-Image-2025-12-02-at-10.04.46-18x10.jpeg",18,10,true],"inhype-blog-thumb":["https:\/\/assedel.org\/wp-content\/uploads\/2025\/12\/WhatsApp-Image-2025-12-02-at-10.04.46-1140x694.jpeg",1140,694,true],"inhype-blog-thumb-grid":["https:\/\/assedel.org\/wp-content\/uploads\/2025\/12\/WhatsApp-Image-2025-12-02-at-10.04.46-555x360.jpeg",555,360,true],"inhype-blog-thumb-widget":["https:\/\/assedel.org\/wp-content\/uploads\/2025\/12\/WhatsApp-Image-2025-12-02-at-10.04.46-220x180.jpeg",220,180,true],"inhype-blog-thumb-masonry":["https:\/\/assedel.org\/wp-content\/uploads\/2025\/12\/WhatsApp-Image-2025-12-02-at-10.04.46-360x203.jpeg",360,203,true]},"uagb_author_info":{"display_name":"assedel","author_link":"https:\/\/assedel.org\/fr\/author\/assedel\/"},"uagb_comment_info":0,"uagb_excerpt":"ASSEDEL had the honor to speak with Irish MEP Michael McNamara, member of the Renew Europe group and the European Parliament\u2019s Committee...","amp_enabled":true,"_links":{"self":[{"href":"https:\/\/assedel.org\/fr\/wp-json\/wp\/v2\/posts\/7793","targetHints":{"allow":["GET"]}}],"collection":[{"href":"https:\/\/assedel.org\/fr\/wp-json\/wp\/v2\/posts"}],"about":[{"href":"https:\/\/assedel.org\/fr\/wp-json\/wp\/v2\/types\/post"}],"author":[{"embeddable":true,"href":"https:\/\/assedel.org\/fr\/wp-json\/wp\/v2\/users\/1"}],"replies":[{"embeddable":true,"href":"https:\/\/assedel.org\/fr\/wp-json\/wp\/v2\/comments?post=7793"}],"version-history":[{"count":1,"href":"https:\/\/assedel.org\/fr\/wp-json\/wp\/v2\/posts\/7793\/revisions"}],"predecessor-version":[{"id":7795,"href":"https:\/\/assedel.org\/fr\/wp-json\/wp\/v2\/posts\/7793\/revisions\/7795"}],"wp:featuredmedia":[{"embeddable":true,"href":"https:\/\/assedel.org\/fr\/wp-json\/wp\/v2\/media\/7794"}],"wp:attachment":[{"href":"https:\/\/assedel.org\/fr\/wp-json\/wp\/v2\/media?parent=7793"}],"wp:term":[{"taxonomy":"category","embeddable":true,"href":"https:\/\/assedel.org\/fr\/wp-json\/wp\/v2\/categories?post=7793"},{"taxonomy":"post_tag","embeddable":true,"href":"https:\/\/assedel.org\/fr\/wp-json\/wp\/v2\/tags?post=7793"}],"curies":[{"name":"wp","href":"https:\/\/api.w.org\/{rel}","templated":true}]}}