
{"id":7652,"date":"2025-10-21T13:17:54","date_gmt":"2025-10-21T13:17:54","guid":{"rendered":"https:\/\/assedel.org\/?p=7652"},"modified":"2025-10-24T19:40:52","modified_gmt":"2025-10-24T19:40:52","slug":"interview-with-lukas-sieper-as-one-of-the-youngest-members-of-parliament","status":"publish","type":"post","link":"https:\/\/assedel.org\/fr\/interview-with-lukas-sieper-as-one-of-the-youngest-members-of-parliament\/","title":{"rendered":"Entretien avec Lukas Sieper, l\u2019un des plus jeunes membres du Parlement europ\u00e9en"},"content":{"rendered":"<p>We recently had an engaging conversation with Lukas Sieper, a founder of the Party for Progress in Germany, as he marks his 448th day as a Member of the European Parliament. Lukas shared his unique journey in politics, which began out of a shared frustration with traditional political structures and a desire to create a party that truly represents the voices of everyday citizens.<\/p>\n\n\n\n<p>In our interview, he emphasized the party&#8217;s guiding principle of &#8220;ideas instead of ideologies,&#8221; advocating for a pragmatic approach to policy-making that transcends political divides. Lukas believes that valuable ideas can emerge from all political spectrums, and it&#8217;s crucial to evaluate them on their own merits.<\/p>\n\n\n\n<p>En tant que l\u2019un des plus jeunes eurod\u00e9put\u00e9s, Lukas s\u2019engage \u00e0 inspirer la prochaine g\u00e9n\u00e9ration de dirigeants et \u00e0 faire en sorte que la voix des jeunes soit entendue dans l\u2019ar\u00e8ne politique. Il est particuli\u00e8rement passionn\u00e9 par la d\u00e9fense des droits LGBTQ+ et appelle \u00e0 des actions plus fortes pour tenir les \u00c9tats membres responsables de toute violation.<\/p>\n\n\n\n<p>Lukas s\u2019emploie activement \u00e0 mobiliser les jeunes \u00e0 travers des initiatives telles qu\u2019un vaste progra<\/p>\n\n\n\n<p>Cet entretien met en lumi\u00e8re le r\u00f4le important des jeunes leaders dans la construction d\u2019une Europe progressiste et inclusive. <\/p>\n\n\n\n<p>Explore Lukas\u2019s insights and vision for a brighter future in European&nbsp;politics.<\/p>\n\n\n\n<figure class=\"wp-block-embed is-type-video is-provider-youtube wp-block-embed-youtube wp-embed-aspect-16-9 wp-has-aspect-ratio\"><div class=\"wp-block-embed__wrapper\">\n<div class=\"embed-container\"><iframe loading=\"lazy\" title=\"Interview Series - 2 - Lukas Sieper (Member of the European Parliament)\" width=\"1140\" height=\"641\" src=\"https:\/\/www.youtube.com\/embed\/jja_pIJmgnk?feature=oembed\" frameborder=\"0\" allow=\"accelerometer; autoplay; clipboard-write; encrypted-media; gyroscope; picture-in-picture; web-share\" referrerpolicy=\"strict-origin-when-cross-origin\" allowfullscreen><\/iframe><\/div>\n<\/div><\/figure>","protected":false},"excerpt":{"rendered":"<p>We recently had an engaging conversation with Lukas Sieper, a founder of the Party for Progress in Germany, as he marks his&#8230;<\/p>","protected":false},"author":1,"featured_media":7654,"comment_status":"closed","ping_status":"closed","sticky":false,"template":"","format":"standard","meta":{"give_campaign_id":0,"_uag_custom_page_level_css":"","footnotes":""},"categories":[92,1509,1499,22],"tags":[],"class_list":{"0":"post-7652","1":"post","2":"type-post","3":"status-publish","4":"format-standard","5":"has-post-thumbnail","7":"category-actualites-fr","8":"category-entretiens","9":"category-interviews","10":"category-news-eng"},"uagb_featured_image_src":{"full":["https:\/\/assedel.org\/wp-content\/uploads\/2025\/10\/Purple-and-White-Modern-Business-YouTube-Thumbnail-4.png",1280,720,false],"thumbnail":["https:\/\/assedel.org\/wp-content\/uploads\/2025\/10\/Purple-and-White-Modern-Business-YouTube-Thumbnail-4-150x150.png",150,150,true],"medium":["https:\/\/assedel.org\/wp-content\/uploads\/2025\/10\/Purple-and-White-Modern-Business-YouTube-Thumbnail-4-300x169.png",300,169,true],"medium_large":["https:\/\/assedel.org\/wp-content\/uploads\/2025\/10\/Purple-and-White-Modern-Business-YouTube-Thumbnail-4-768x432.png",768,432,true],"large":["https:\/\/assedel.org\/wp-content\/uploads\/2025\/10\/Purple-and-White-Modern-Business-YouTube-Thumbnail-4-1024x576.png",1024,576,true],"1536x1536":["https:\/\/assedel.org\/wp-content\/uploads\/2025\/10\/Purple-and-White-Modern-Business-YouTube-Thumbnail-4.png",1280,720,false],"2048x2048":["https:\/\/assedel.org\/wp-content\/uploads\/2025\/10\/Purple-and-White-Modern-Business-YouTube-Thumbnail-4.png",1280,720,false],"trp-custom-language-flag":["https:\/\/assedel.org\/wp-content\/uploads\/2025\/10\/Purple-and-White-Modern-Business-YouTube-Thumbnail-4-18x10.png",18,10,true],"inhype-blog-thumb":["https:\/\/assedel.org\/wp-content\/uploads\/2025\/10\/Purple-and-White-Modern-Business-YouTube-Thumbnail-4-1140x694.png",1140,694,true],"inhype-blog-thumb-grid":["https:\/\/assedel.org\/wp-content\/uploads\/2025\/10\/Purple-and-White-Modern-Business-YouTube-Thumbnail-4-555x360.png",555,360,true],"inhype-blog-thumb-widget":["https:\/\/assedel.org\/wp-content\/uploads\/2025\/10\/Purple-and-White-Modern-Business-YouTube-Thumbnail-4-220x180.png",220,180,true],"inhype-blog-thumb-masonry":["https:\/\/assedel.org\/wp-content\/uploads\/2025\/10\/Purple-and-White-Modern-Business-YouTube-Thumbnail-4-360x203.png",360,203,true]},"uagb_author_info":{"display_name":"assedel","author_link":"https:\/\/assedel.org\/fr\/author\/assedel\/"},"uagb_comment_info":0,"uagb_excerpt":"We recently had an engaging conversation with Lukas Sieper, a founder of the Party for Progress in Germany, as he marks his...","amp_enabled":true,"_links":{"self":[{"href":"https:\/\/assedel.org\/fr\/wp-json\/wp\/v2\/posts\/7652","targetHints":{"allow":["GET"]}}],"collection":[{"href":"https:\/\/assedel.org\/fr\/wp-json\/wp\/v2\/posts"}],"about":[{"href":"https:\/\/assedel.org\/fr\/wp-json\/wp\/v2\/types\/post"}],"author":[{"embeddable":true,"href":"https:\/\/assedel.org\/fr\/wp-json\/wp\/v2\/users\/1"}],"replies":[{"embeddable":true,"href":"https:\/\/assedel.org\/fr\/wp-json\/wp\/v2\/comments?post=7652"}],"version-history":[{"count":10,"href":"https:\/\/assedel.org\/fr\/wp-json\/wp\/v2\/posts\/7652\/revisions"}],"predecessor-version":[{"id":7690,"href":"https:\/\/assedel.org\/fr\/wp-json\/wp\/v2\/posts\/7652\/revisions\/7690"}],"wp:featuredmedia":[{"embeddable":true,"href":"https:\/\/assedel.org\/fr\/wp-json\/wp\/v2\/media\/7654"}],"wp:attachment":[{"href":"https:\/\/assedel.org\/fr\/wp-json\/wp\/v2\/media?parent=7652"}],"wp:term":[{"taxonomy":"category","embeddable":true,"href":"https:\/\/assedel.org\/fr\/wp-json\/wp\/v2\/categories?post=7652"},{"taxonomy":"post_tag","embeddable":true,"href":"https:\/\/assedel.org\/fr\/wp-json\/wp\/v2\/tags?post=7652"}],"curies":[{"name":"wp","href":"https:\/\/api.w.org\/{rel}","templated":true}]}}