
{"id":7618,"date":"2025-10-17T11:10:07","date_gmt":"2025-10-17T11:10:07","guid":{"rendered":"https:\/\/assedel.org\/?p=7618"},"modified":"2025-10-24T19:29:16","modified_gmt":"2025-10-24T19:29:16","slug":"interview-summery-with-vladimir-prebilic-on-turkiye-eu-relations","status":"publish","type":"post","link":"https:\/\/assedel.org\/fr\/interview-summery-with-vladimir-prebilic-on-turkiye-eu-relations\/","title":{"rendered":"Interview with Vladimir Prebili\u010d on T\u00fcrkiye-EU Relations"},"content":{"rendered":"<p>Lors de la s\u00e9ance pl\u00e9ni\u00e8re du Parlement europ\u00e9en du 7 octobre, ASSEDEL a eu le plaisir de s\u2019entretenir avec le d\u00e9put\u00e9 europ\u00e9en Vladimir Prebili\u010d au sujet de la trajectoire politique pr\u00e9occupante de la Turquie et des relations UE-Turquie. Nous avons discut\u00e9 de l\u2019exp\u00e9rience de M. Prebili\u010d dans le suivi du recul d\u00e9mocratique en Turquie, tant dans ses fonctions au Parlement europ\u00e9en qu\u2019au Conseil de l\u2019Europe. Il a partag\u00e9 ses inqui\u00e9tudes sur de nombreux sujets, tels que la libert\u00e9 des m\u00e9dias, l\u2019ind\u00e9pendance judiciaire et les pratiques \u00e9lectorales.<\/p>\n\n\n\n<p>M. Prebili\u010d a \u00e9galement soulign\u00e9 la n\u00e9cessit\u00e9 de maintenir des liens avec la Turquie malgr\u00e9 ces pr\u00e9occupations, afin de continuer \u00e0 tenir le gouvernement turc responsable et de ne pas abandonner ceux en Turquie qui aspirent \u00e0 un avenir meilleur. Nous avons \u00e9galement discut\u00e9 des contributions du Parlement europ\u00e9en \u00e0 la politique \u00e9trang\u00e8re de l\u2019UE, des d\u00e9fis li\u00e9s \u00e0 la coop\u00e9ration avec diff\u00e9rents groupes politiques, et des moyens les plus efficaces pour les d\u00e9put\u00e9s europ\u00e9ens d\u2019agir sur la Turquie, compte tenu du cadre institutionnel et juridique de l\u2019UE.<\/p>\n\n\n\n<p>M. Prebili\u010d a apport\u00e9 un \u00e9clairage pr\u00e9cieux sur la situation en Turquie de mani\u00e8re g\u00e9n\u00e9rale et sur son travail en particulier, expliquant les fonctions du Parlement europ\u00e9en et partageant sa passion ainsi que son expertise sur le sujet. Vous pouvez regarder l\u2019entretien complet ici.<\/p>\n\n\n\n<figure class=\"wp-block-embed is-type-video is-provider-youtube wp-block-embed-youtube wp-embed-aspect-16-9 wp-has-aspect-ratio\"><div class=\"wp-block-embed__wrapper\">\n<div class=\"embed-container\"><iframe loading=\"lazy\" title=\"Interview Series - 1 - Vladimir Prebili\u010d (Member of the European Parliament)\" width=\"1140\" height=\"641\" src=\"https:\/\/www.youtube.com\/embed\/J_35fec9lsk?feature=oembed\" frameborder=\"0\" allow=\"accelerometer; autoplay; clipboard-write; encrypted-media; gyroscope; picture-in-picture; web-share\" referrerpolicy=\"strict-origin-when-cross-origin\" allowfullscreen><\/iframe><\/div>\n<\/div><\/figure>","protected":false},"excerpt":{"rendered":"<p>At the European Parliament Plenary Session on 7th October, ASSEDEL had the pleasure of speaking to MEP Vladimir Prebili\u010d about T\u00fcrkiye\u2019s troubling&#8230;<\/p>","protected":false},"author":1,"featured_media":7619,"comment_status":"closed","ping_status":"closed","sticky":false,"template":"","format":"standard","meta":{"give_campaign_id":0,"_uag_custom_page_level_css":"","footnotes":""},"categories":[92,1499,22],"tags":[],"class_list":{"0":"post-7618","1":"post","2":"type-post","3":"status-publish","4":"format-standard","5":"has-post-thumbnail","7":"category-actualites-fr","8":"category-interviews","9":"category-news-eng"},"uagb_featured_image_src":{"full":["https:\/\/assedel.org\/wp-content\/uploads\/2025\/10\/Purple-and-White-Modern-Business-YouTube-Thumbnail-3.png",2080,1170,false],"thumbnail":["https:\/\/assedel.org\/wp-content\/uploads\/2025\/10\/Purple-and-White-Modern-Business-YouTube-Thumbnail-3-150x150.png",150,150,true],"medium":["https:\/\/assedel.org\/wp-content\/uploads\/2025\/10\/Purple-and-White-Modern-Business-YouTube-Thumbnail-3-300x169.png",300,169,true],"medium_large":["https:\/\/assedel.org\/wp-content\/uploads\/2025\/10\/Purple-and-White-Modern-Business-YouTube-Thumbnail-3-768x432.png",768,432,true],"large":["https:\/\/assedel.org\/wp-content\/uploads\/2025\/10\/Purple-and-White-Modern-Business-YouTube-Thumbnail-3-1024x576.png",1024,576,true],"1536x1536":["https:\/\/assedel.org\/wp-content\/uploads\/2025\/10\/Purple-and-White-Modern-Business-YouTube-Thumbnail-3-1536x864.png",1536,864,true],"2048x2048":["https:\/\/assedel.org\/wp-content\/uploads\/2025\/10\/Purple-and-White-Modern-Business-YouTube-Thumbnail-3-2048x1152.png",2048,1152,true],"trp-custom-language-flag":["https:\/\/assedel.org\/wp-content\/uploads\/2025\/10\/Purple-and-White-Modern-Business-YouTube-Thumbnail-3-18x10.png",18,10,true],"inhype-blog-thumb":["https:\/\/assedel.org\/wp-content\/uploads\/2025\/10\/Purple-and-White-Modern-Business-YouTube-Thumbnail-3-1140x694.png",1140,694,true],"inhype-blog-thumb-grid":["https:\/\/assedel.org\/wp-content\/uploads\/2025\/10\/Purple-and-White-Modern-Business-YouTube-Thumbnail-3-555x360.png",555,360,true],"inhype-blog-thumb-widget":["https:\/\/assedel.org\/wp-content\/uploads\/2025\/10\/Purple-and-White-Modern-Business-YouTube-Thumbnail-3-220x180.png",220,180,true],"inhype-blog-thumb-masonry":["https:\/\/assedel.org\/wp-content\/uploads\/2025\/10\/Purple-and-White-Modern-Business-YouTube-Thumbnail-3-360x203.png",360,203,true]},"uagb_author_info":{"display_name":"assedel","author_link":"https:\/\/assedel.org\/fr\/author\/assedel\/"},"uagb_comment_info":0,"uagb_excerpt":"At the European Parliament Plenary Session on 7th October, ASSEDEL had the pleasure of speaking to MEP Vladimir Prebili\u010d about T\u00fcrkiye\u2019s troubling...","amp_enabled":true,"_links":{"self":[{"href":"https:\/\/assedel.org\/fr\/wp-json\/wp\/v2\/posts\/7618","targetHints":{"allow":["GET"]}}],"collection":[{"href":"https:\/\/assedel.org\/fr\/wp-json\/wp\/v2\/posts"}],"about":[{"href":"https:\/\/assedel.org\/fr\/wp-json\/wp\/v2\/types\/post"}],"author":[{"embeddable":true,"href":"https:\/\/assedel.org\/fr\/wp-json\/wp\/v2\/users\/1"}],"replies":[{"embeddable":true,"href":"https:\/\/assedel.org\/fr\/wp-json\/wp\/v2\/comments?post=7618"}],"version-history":[{"count":5,"href":"https:\/\/assedel.org\/fr\/wp-json\/wp\/v2\/posts\/7618\/revisions"}],"predecessor-version":[{"id":7688,"href":"https:\/\/assedel.org\/fr\/wp-json\/wp\/v2\/posts\/7618\/revisions\/7688"}],"wp:featuredmedia":[{"embeddable":true,"href":"https:\/\/assedel.org\/fr\/wp-json\/wp\/v2\/media\/7619"}],"wp:attachment":[{"href":"https:\/\/assedel.org\/fr\/wp-json\/wp\/v2\/media?parent=7618"}],"wp:term":[{"taxonomy":"category","embeddable":true,"href":"https:\/\/assedel.org\/fr\/wp-json\/wp\/v2\/categories?post=7618"},{"taxonomy":"post_tag","embeddable":true,"href":"https:\/\/assedel.org\/fr\/wp-json\/wp\/v2\/tags?post=7618"}],"curies":[{"name":"wp","href":"https:\/\/api.w.org\/{rel}","templated":true}]}}