
{"id":7179,"date":"2025-07-11T12:44:00","date_gmt":"2025-07-11T12:44:00","guid":{"rendered":"https:\/\/assedel.org\/?p=7179"},"modified":"2025-12-02T11:02:14","modified_gmt":"2025-12-02T11:02:14","slug":"panel-discussion-no-one-left-hungry-food-access-as-a-fundamental-human-right","status":"publish","type":"post","link":"https:\/\/assedel.org\/fr\/panel-discussion-no-one-left-hungry-food-access-as-a-fundamental-human-right\/","title":{"rendered":"Table ronde \u00ab Plus personne n'a faim : l'acc\u00e8s \u00e0 la nourriture comme droit humain fondamental \u00bb"},"content":{"rendered":"<p>We are thrilled to share that our Panel Discussion \u201cNo One Left Hungry: Food Access as a Fundamental Human Right\u201d took place on Tuesday, July 8th at the European Parliament in Strasbourg, kindly co-hosted by MEP Cristina Guarda (Greens\/EFA). The event aimed to analyze current food insecurity trends from a human rights lens and explore actionable solutions with our panel of leading experts.<\/p>\n\n\n\n<p>Following the successful launch event \u201c<a href=\"https:\/\/assedel.org\/fr\/assedel-hosts-an-insightful-panel-discussion-water-security-and-human-rights-a-joint-challenge-affecting-all\/\" data-type=\"link\" data-id=\"https:\/\/assedel.org\/assedel-hosts-an-insightful-panel-discussion-water-security-and-human-rights-a-joint-challenge-affecting-all\/\">La s\u00e9curit\u00e9 de l'eau et les droits de l'homme : Un d\u00e9fi commun qui nous concerne tous<\/a>\u201d in May, this was the second of the Climate Justice Series organized by ASSEDEL in 2025, where we explore the intersections between climate change and human rights in contemporary societies. We believe that framing climate justice as a shared responsibility is crucial: environmental challenges transcend borders and demand collective awareness, accountability, and a commitment to the core principle of the 2030 Agenda \u2013 no one should be left behind.<\/p>\n\n\n\n<p>Nous avons eu l'honneur d'accueillir des experts de premier plan dans ce domaine.<\/p>\n\n\n\n<p><strong><a href=\"https:\/\/www.linkedin.com\/in\/cristina-guarda-112974108\/\" data-type=\"link\" data-id=\"https:\/\/www.linkedin.com\/in\/cristina-guarda-112974108\/\">Cristina Guarda<\/a><\/strong>, est une d\u00e9put\u00e9e italienne du Parlement europ\u00e9en, membre du groupe des Verts\/ALE. Au cours de son intervention, l'eurod\u00e9put\u00e9e Guarda a r\u00e9fl\u00e9chi \u00e0 l'\u00e9tat actuel et \u00e0 l'orientation future de la commission AGRI. Elle a critiqu\u00e9 l'attention excessivement port\u00e9e par la commission sur la comp\u00e9titivit\u00e9 et la d\u00e9r\u00e9glementation \u2014 en particulier en ce qui concerne les normes de s\u00e9curit\u00e9 alimentaire \u2014 et a appel\u00e9 \u00e0 une approche plus visionnaire et centr\u00e9e sur l'humain. Elle a affirm\u00e9 que la commission doit s'orienter vers l'anticipation des vuln\u00e9rabilit\u00e9s et la priorisation des personnes, nous rappelant que nous sommes tous des mangeurs, et donc tous des acteurs de la s\u00e9curit\u00e9 alimentaire. Guarda a soulign\u00e9 la n\u00e9cessit\u00e9 de strat\u00e9gies plus ancr\u00e9es dans le territoire, qui refl\u00e8tent les r\u00e9alit\u00e9s v\u00e9cues par les diverses communaut\u00e9s, avertissant que les politiques impos\u00e9es d'en haut paraissent souvent trop lointaines et d\u00e9connect\u00e9es de la vie quotidienne.<br>Abordant le r\u00f4le de l'UE dans le soutien des initiatives locales de lutte contre l'ins\u00e9curit\u00e9 alimentaire, elle a cit\u00e9 des initiatives men\u00e9es par les communaut\u00e9s, telles que le Banco Alimentare, comme des r\u00e9ponses vitales qui redonnent leur dignit\u00e9 \u00e0 ceux qui en ont besoin. Cependant, elle a soulign\u00e9 que l'objectif ultime devrait \u00eatre de rendre de telles interventions inutiles. Dans cette optique, l'eurod\u00e9put\u00e9e Guarda a appel\u00e9 l'Union europ\u00e9enne \u00e0 garantir un financement accessible pour ces actions locales, tout en respectant le principe de subsidiarit\u00e9 et en donnant aux communaut\u00e9s les moyens de construire une r\u00e9silience alimentaire durable, en partant de la base.<\/p>\n\n\n\n<p><strong><a href=\"https:\/\/www.linkedin.com\/in\/almudena-garcia-sastre-3aa59113\/\" data-type=\"link\" data-id=\"https:\/\/www.linkedin.com\/in\/almudena-garcia-sastre-3aa59113\/\">Almudena Garcia Sastre<\/a><\/strong>, expert en politiques europ\u00e9ennes et responsable du plaidoyer \u00e0 <a href=\"https:\/\/www.fian.be\/?lang=fr\" data-type=\"link\" data-id=\"https:\/\/www.fian.be\/?lang=fr\">FIAN Europe<\/a>, a examin\u00e9 le cadre juridique qui fa\u00e7onne les syst\u00e8mes alimentaires europ\u00e9ens. Elle a soulign\u00e9 la fragmentation et le manque de coh\u00e9rence des politiques de l'UE et a plaid\u00e9 en faveur d'un changement d'approche, vers une approche fond\u00e9e sur les droits de l'homme et enracin\u00e9e dans la d\u00e9mocratie alimentaire. Mme Garcia a insist\u00e9 sur les limites de la politique agricole commune (PAC), qui, selon elle, donne la priorit\u00e9 \u00e0 la stabilisation des march\u00e9s au d\u00e9triment des objectifs sociaux et environnementaux. Elle a soulign\u00e9 la n\u00e9cessit\u00e9 de faire \u00e9voluer la PAC et de soutenir les initiatives nationales et locales pour \u00e9viter les strat\u00e9gies r\u00e9gionales d\u00e9connect\u00e9es ou inefficaces.<\/p>\n\n\n\n<p><strong><a href=\"https:\/\/www.linkedin.com\/in\/christophe-golay-00a458345\/\" data-type=\"link\" data-id=\"https:\/\/www.linkedin.com\/in\/christophe-golay-00a458345\/\">Christophe Golay<\/a><\/strong>, chercheur principal \u00e0 <a href=\"https:\/\/www.geneva-academy.ch\/research\/our-clusters\/sustainable-development\/detail\/107-the-right-to-food-in-europe\">Geneva Academy<\/a> , du droit international humanitaire et des droits de l'homme, a pr\u00e9sent\u00e9 un aper\u00e7u du droit \u00e0 l'alimentation en droit international, le d\u00e9finissant comme un droit humain fondamental. Il a \u00e9galement pr\u00e9sent\u00e9 le nouvel <a href=\"https:\/\/www.goodfoodforall.eu\/\" data-type=\"link\" data-id=\"https:\/\/www.goodfoodforall.eu\/\">ECI \u201cGood Food for All\u201d<\/a>qui a \u00e9t\u00e9 officiellement accept\u00e9e par la Commission europ\u00e9enne le jour m\u00eame de l'\u00e9v\u00e9nement.<br>Une initiative citoyenne europ\u00e9enne (ICE) est un outil d\u00e9mocratique qui permet aux citoyens de l'UE de proposer une nouvelle l\u00e9gislation \u00e0 la Commission europ\u00e9enne, \u00e0 condition de recueillir au moins un million de signatures dans l'ensemble des \u00c9tats membres.<br>En tant que membre de son comit\u00e9 de pilotage, le Dr Golay a expliqu\u00e9 que l'initiative appelle l'UE \u00e0 garantir de mani\u00e8re syst\u00e9mique le droit \u00e0 l'alimentation en construisant des syst\u00e8mes alimentaires qui soient justes et durables.<\/p>\n\n\n\n<p><strong><a href=\"https:\/\/www.linkedin.com\/in\/somhack-limphakdy-483280140\/\" data-type=\"link\" data-id=\"https:\/\/www.linkedin.com\/in\/somhack-limphakdy-483280140\/\">Somhack Limphakdy<\/a><\/strong>, chercheur sur les questions de l'eau et co-pr\u00e9sident, et <strong><a href=\"https:\/\/www.linkedin.com\/in\/l%C3%A9a-staraselski\/\" data-type=\"link\" data-id=\"https:\/\/www.linkedin.com\/in\/l%C3%A9a-staraselski\/\">L\u00e9a Staraselski<\/a><\/strong>, project coordinator of\u00a0 the collective \u201c<a href=\"https:\/\/securite-sociale-alimentation.org\/initiative\/mutuelle-de-lalimentation-en-alsace\/\" data-type=\"link\" data-id=\"https:\/\/securite-sociale-alimentation.org\/initiative\/mutuelle-de-lalimentation-en-alsace\/\">Pour une S\u00e9curit\u00e9 Sociale de l\u2019Alimentation (SSA) \u2013 Alsace<\/a>\u201d (translated as Social Security for Food) presented the Social Security for Food (SSA) project. Inspired by France\u2019s social security model, it was launched in 2019 to promote the universal right to food by building a system where access to food is treated as a guaranteed right\u2014just like healthcare. The speakers emphasized that the project is meant for everyone, \u201cWe are all eaters,\u201d Somhack reminded us, emphasizing that food security concerns everyone and should not be a matter of citizenship,\u00a0 recognizing eating as a fundamental human need. Through a monthly food allowance collectively managed by participants, the initiative puts food democracy into action. The panellists stressed the importance of food democracy, popular education, and community organizing in reshaping food systems to be inclusive, just, and sustainable.<br>Pour en savoir plus, consultez <a href=\"https:\/\/ripess.eu\/en\/social-security-for-food\/\">ici<\/a>.<\/p>\n\n\n\n<p><strong>Marco Lucchini<\/strong>, cofondateur et secr\u00e9taire g\u00e9n\u00e9ral de <a href=\"https:\/\/www.bancoalimentare.it\/chi-siamo\/la-fondazione\" data-type=\"link\" data-id=\"https:\/\/www.bancoalimentare.it\/chi-siamo\/la-fondazione\">Fondazione Banco Alimentare ETS<\/a>, a soulign\u00e9 que l'acc\u00e8s \u00e0 la nourriture est le premier pas vers l'inclusion sociale. Si l'aide alimentaire r\u00e9pond \u00e0 des besoins mat\u00e9riels urgents, elle sert aussi de passerelle vers des protections et services sociaux plus larges, en particulier pour les groupes vuln\u00e9rables tels que les \u00e9tudiants universitaires, les travailleurs pauvres et les jeunes en situation de pauvret\u00e9. Il a \u00e9galement illustr\u00e9 le principe de subsidiarit\u00e9 \u00e0 travers des exemples de la r\u00e9gion de V\u00e9n\u00e9tie : \u00e0 V\u00e9rone, la Ronda della Carit\u00e0 soutient des centaines de sans-abri et r\u00e9pond \u00e0 la forte demande estivale. \u00c0 Venise, l'Emporio della Carit\u00e0 Corte del Forner sert 127 familles gr\u00e2ce \u00e0 un soutien hebdomadaire cibl\u00e9 de Banco Alimentare.<\/p>\n\n\n\n<p><strong><a href=\"https:\/\/www.linkedin.com\/in\/spyros-papadatos\/\" data-type=\"link\" data-id=\"https:\/\/www.linkedin.com\/in\/spyros-papadatos\/\">Spyros Papadatos<\/a><\/strong>, Secr\u00e9taire g\u00e9n\u00e9ral de <a href=\"https:\/\/www.ruralyoutheurope.com\/\" data-type=\"link\" data-id=\"https:\/\/www.ruralyoutheurope.com\/\">Rural Youth Europe<\/a>, a expliqu\u00e9 comment l'organisation soutient les jeunes des zones rurales \u00e0 travers le continent. Il a soulign\u00e9 le r\u00f4le vital des nouvelles g\u00e9n\u00e9rations dans l'\u00e9laboration de syst\u00e8mes alimentaires durables et de communaut\u00e9s r\u00e9silientes. Gr\u00e2ce \u00e0 des programmes de formation, des dialogues et des \u00e9changes internationaux, Rural Youth Europe favorise la sensibilisation, la solidarit\u00e9 et l'engagement civique. Leur travail renforce un sentiment de communaut\u00e9 et donne aux jeunes les moyens de contribuer activement \u00e0 la politique alimentaire et au d\u00e9veloppement rural, en phase avec leurs r\u00e9alit\u00e9s.<\/p>\n\n\n\n<p>Dans l'ensemble, la discussion a soulign\u00e9 que l'acc\u00e8s \u00e0 une nourriture ad\u00e9quate, saine et durable est un droit humain fondamental qui doit \u00eatre prot\u00e9g\u00e9 et promu \u00e0 tous les niveaux. Alors que l'ins\u00e9curit\u00e9 alimentaire augmente en Europe en raison des in\u00e9galit\u00e9s, exacerb\u00e9es par le changement climatique et les pratiques non durables, il devient de plus en plus \u00e9vident que nos syst\u00e8mes actuels n\u00e9cessitent une transformation. Cette transformation exige de d\u00e9passer une approche bas\u00e9e sur le march\u00e9 et de consid\u00e9rer l'alimentation comme une question de justice, de dignit\u00e9 et d'inclusion sociale. Garantir le droit \u00e0 l'alimentation signifie s'attaquer aux d\u00e9s\u00e9quilibres structurels, donner du pouvoir aux acteurs locaux et s'assurer que les politiques sont fond\u00e9es sur la solidarit\u00e9, les droits de l'homme et la participation d\u00e9mocratique.<\/p>\n\n\n\n<p>En conclusion, \u00e0 l'ASSEDEL, nous pensons que la justice alimentaire est indissociable des droits de l'homme et de la durabilit\u00e9 environnementale. Nous plaidons pour des politiques alimentaires inclusives, participatives et fond\u00e9es sur les droits, qui placent les besoins des personnes et des communaut\u00e9s au centre de leurs pr\u00e9occupations. Nous r\u00e9affirmons une fois de plus l'engagement fondamental de l'Agenda 2030 : ne laisser v\u00e9ritablement personne de c\u00f4t\u00e9 doit rester le principe directeur de toute action en faveur de la justice alimentaire et des droits de l'homme.<\/p>\n\n\n\n<p>Pour voir la pr\u00e9sentation de l'\u00e9v\u00e9nement, cliquez <a href=\"https:\/\/assedel.org\/wp-content\/uploads\/2025\/07\/Food-Security-Presentation.pdf\" data-type=\"attachment\" data-id=\"7354\">ici<\/a>.<\/p>\n\n\n\n<p><\/p>\n\n\n\n<div class=\"wp-block-uagb-image aligncenter uagb-block-8158f20d wp-block-uagb-image--layout-default wp-block-uagb-image--effect-static wp-block-uagb-image--align-center\"><figure class=\"wp-block-uagb-image__figure\"><img decoding=\"async\" srcset=\"https:\/\/assedel.org\/wp-content\/uploads\/2025\/06\/WhatsApp-Image-2025-07-01-at-10.59.58-819x1024.jpeg ,https:\/\/assedel.org\/wp-content\/uploads\/2025\/06\/WhatsApp-Image-2025-07-01-at-10.59.58.jpeg 780w, https:\/\/assedel.org\/wp-content\/uploads\/2025\/06\/WhatsApp-Image-2025-07-01-at-10.59.58.jpeg 360w\" sizes=\"auto, (max-width: 480px) 150px\" src=\"https:\/\/assedel.org\/wp-content\/uploads\/2025\/06\/WhatsApp-Image-2025-07-01-at-10.59.58-819x1024.jpeg\" alt=\"\" class=\"uag-image-7273\" width=\"486\" height=\"494\" title=\"WhatsApp Image 2025-07-01 at 10.59.58\" loading=\"lazy\" role=\"img\"\/><\/figure><\/div>\n\n\n\n<p><\/p>\n\n\n\n<div class=\"wp-block-responsive-lightbox-gallery\"><div class=\"rl-gallery-container splide rl-loading\" id=\"rl-gallery-container-1\" data-gallery_id=\"7302\"> <div class=\"rl-gallery rl-basicslider-gallery splide__track\" id=\"rl-gallery-1\" data-gallery_no=\"1\"> <ul class=\"splide__list\"> <li class=\"rl-gallery-item splide__slide\" data-thumb=\"https:\/\/assedel.org\/wp-content\/uploads\/2025\/07\/WhatsApp-Image-2025-07-09-at-12.57.10-555x360.jpeg\"> <a href=\"https:\/\/assedel.org\/wp-content\/uploads\/2025\/07\/WhatsApp-Image-2025-07-09-at-12.57.10.jpeg\" title=\"\" data-rl_title=\"\" class=\"rl-gallery-link\" data-rl_caption=\"\" data-rel=\"lightbox-gallery-1\"><img loading=\"lazy\" decoding=\"async\" src=\"https:\/\/assedel.org\/wp-content\/uploads\/2025\/07\/WhatsApp-Image-2025-07-09-at-12.57.10-555x360.jpeg\" width=\"555\" height=\"360\" alt=\"\" \/><\/a> <\/li> <li class=\"rl-gallery-item splide__slide\" data-thumb=\"https:\/\/assedel.org\/wp-content\/uploads\/2025\/07\/IMG_7857-555x360.jpg\"> <a href=\"https:\/\/assedel.org\/wp-content\/uploads\/2025\/07\/IMG_7857-scaled.jpg\" title=\"\" data-rl_title=\"\" class=\"rl-gallery-link\" data-rl_caption=\"\" data-rel=\"lightbox-gallery-1\"><img loading=\"lazy\" decoding=\"async\" src=\"https:\/\/assedel.org\/wp-content\/uploads\/2025\/07\/IMG_7857-555x360.jpg\" width=\"555\" height=\"360\" alt=\"\" \/><\/a> <\/li> <li class=\"rl-gallery-item splide__slide\" data-thumb=\"https:\/\/assedel.org\/wp-content\/uploads\/2025\/07\/IMG_7851-555x360.jpg\"> <a href=\"https:\/\/assedel.org\/wp-content\/uploads\/2025\/07\/IMG_7851-scaled.jpg\" title=\"\" data-rl_title=\"\" class=\"rl-gallery-link\" data-rl_caption=\"\" data-rel=\"lightbox-gallery-1\"><img loading=\"lazy\" decoding=\"async\" src=\"https:\/\/assedel.org\/wp-content\/uploads\/2025\/07\/IMG_7851-555x360.jpg\" width=\"555\" height=\"360\" alt=\"\" \/><\/a> <\/li> <li class=\"rl-gallery-item splide__slide\" data-thumb=\"https:\/\/assedel.org\/wp-content\/uploads\/2025\/07\/IMG_7844-555x360.jpg\"> <a href=\"https:\/\/assedel.org\/wp-content\/uploads\/2025\/07\/IMG_7844-scaled.jpg\" title=\"\" data-rl_title=\"\" class=\"rl-gallery-link\" data-rl_caption=\"\" data-rel=\"lightbox-gallery-1\"><img loading=\"lazy\" decoding=\"async\" src=\"https:\/\/assedel.org\/wp-content\/uploads\/2025\/07\/IMG_7844-555x360.jpg\" width=\"555\" height=\"360\" alt=\"\" \/><\/a> <\/li> <li class=\"rl-gallery-item splide__slide\" data-thumb=\"https:\/\/assedel.org\/wp-content\/uploads\/2025\/07\/IMG_1162-555x360.jpg\"> <a href=\"https:\/\/assedel.org\/wp-content\/uploads\/2025\/07\/IMG_1162-scaled.jpg\" title=\"\" data-rl_title=\"\" class=\"rl-gallery-link\" data-rl_caption=\"\" data-rel=\"lightbox-gallery-1\"><img loading=\"lazy\" decoding=\"async\" src=\"https:\/\/assedel.org\/wp-content\/uploads\/2025\/07\/IMG_1162-555x360.jpg\" width=\"555\" height=\"360\" alt=\"\" \/><\/a> <\/li> <li class=\"rl-gallery-item splide__slide\" data-thumb=\"https:\/\/assedel.org\/wp-content\/uploads\/2025\/07\/IMG_1151-555x360.jpg\"> <a href=\"https:\/\/assedel.org\/wp-content\/uploads\/2025\/07\/IMG_1151-scaled.jpg\" title=\"\" data-rl_title=\"\" class=\"rl-gallery-link\" data-rl_caption=\"\" data-rel=\"lightbox-gallery-1\"><img loading=\"lazy\" decoding=\"async\" src=\"https:\/\/assedel.org\/wp-content\/uploads\/2025\/07\/IMG_1151-555x360.jpg\" width=\"555\" height=\"360\" alt=\"\" \/><\/a> <\/li> <li class=\"rl-gallery-item splide__slide\" data-thumb=\"https:\/\/assedel.org\/wp-content\/uploads\/2025\/07\/IMG_1140-555x360.jpg\"> <a href=\"https:\/\/assedel.org\/wp-content\/uploads\/2025\/07\/IMG_1140-scaled.jpg\" title=\"\" data-rl_title=\"\" class=\"rl-gallery-link\" data-rl_caption=\"\" data-rel=\"lightbox-gallery-1\"><img loading=\"lazy\" decoding=\"async\" src=\"https:\/\/assedel.org\/wp-content\/uploads\/2025\/07\/IMG_1140-555x360.jpg\" width=\"555\" height=\"360\" alt=\"\" \/><\/a> <\/li> <li class=\"rl-gallery-item splide__slide\" data-thumb=\"https:\/\/assedel.org\/wp-content\/uploads\/2025\/07\/IMG_1130-555x360.jpg\"> <a href=\"https:\/\/assedel.org\/wp-content\/uploads\/2025\/07\/IMG_1130-scaled.jpg\" title=\"\" data-rl_title=\"\" class=\"rl-gallery-link\" data-rl_caption=\"\" data-rel=\"lightbox-gallery-1\"><img loading=\"lazy\" decoding=\"async\" src=\"https:\/\/assedel.org\/wp-content\/uploads\/2025\/07\/IMG_1130-555x360.jpg\" width=\"555\" height=\"360\" alt=\"\" \/><\/a> <\/li> <li class=\"rl-gallery-item splide__slide\" data-thumb=\"https:\/\/assedel.org\/wp-content\/uploads\/2025\/07\/IMG_1067-555x360.jpg\"> <a href=\"https:\/\/assedel.org\/wp-content\/uploads\/2025\/07\/IMG_1067-scaled.jpg\" title=\"\" data-rl_title=\"\" class=\"rl-gallery-link\" data-rl_caption=\"\" data-rel=\"lightbox-gallery-1\"><img loading=\"lazy\" decoding=\"async\" src=\"https:\/\/assedel.org\/wp-content\/uploads\/2025\/07\/IMG_1067-555x360.jpg\" width=\"555\" height=\"360\" alt=\"\" \/><\/a> <\/li> <li class=\"rl-gallery-item splide__slide\" data-thumb=\"https:\/\/assedel.org\/wp-content\/uploads\/2025\/07\/IMG_1079-555x360.jpg\"> <a href=\"https:\/\/assedel.org\/wp-content\/uploads\/2025\/07\/IMG_1079-scaled.jpg\" title=\"\" data-rl_title=\"\" class=\"rl-gallery-link\" data-rl_caption=\"\" data-rel=\"lightbox-gallery-1\"><img loading=\"lazy\" decoding=\"async\" src=\"https:\/\/assedel.org\/wp-content\/uploads\/2025\/07\/IMG_1079-555x360.jpg\" width=\"555\" height=\"360\" alt=\"\" \/><\/a> <\/li> <li class=\"rl-gallery-item splide__slide\" data-thumb=\"https:\/\/assedel.org\/wp-content\/uploads\/2025\/07\/IMG_1081-555x360.jpg\"> <a href=\"https:\/\/assedel.org\/wp-content\/uploads\/2025\/07\/IMG_1081-scaled.jpg\" title=\"\" data-rl_title=\"\" class=\"rl-gallery-link\" data-rl_caption=\"\" data-rel=\"lightbox-gallery-1\"><img loading=\"lazy\" decoding=\"async\" src=\"https:\/\/assedel.org\/wp-content\/uploads\/2025\/07\/IMG_1081-555x360.jpg\" width=\"555\" height=\"360\" alt=\"\" \/><\/a> <\/li> <li class=\"rl-gallery-item splide__slide\" data-thumb=\"https:\/\/assedel.org\/wp-content\/uploads\/2025\/07\/IMG_1091-555x360.jpg\"> <a href=\"https:\/\/assedel.org\/wp-content\/uploads\/2025\/07\/IMG_1091-scaled.jpg\" title=\"\" data-rl_title=\"\" class=\"rl-gallery-link\" data-rl_caption=\"\" data-rel=\"lightbox-gallery-1\"><img loading=\"lazy\" decoding=\"async\" src=\"https:\/\/assedel.org\/wp-content\/uploads\/2025\/07\/IMG_1091-555x360.jpg\" width=\"555\" height=\"360\" alt=\"\" \/><\/a> <\/li> <li class=\"rl-gallery-item splide__slide\" data-thumb=\"https:\/\/assedel.org\/wp-content\/uploads\/2025\/07\/IMG_1096-555x360.jpg\"> <a href=\"https:\/\/assedel.org\/wp-content\/uploads\/2025\/07\/IMG_1096-scaled.jpg\" title=\"\" data-rl_title=\"\" class=\"rl-gallery-link\" data-rl_caption=\"\" data-rel=\"lightbox-gallery-1\"><img loading=\"lazy\" decoding=\"async\" src=\"https:\/\/assedel.org\/wp-content\/uploads\/2025\/07\/IMG_1096-555x360.jpg\" width=\"555\" height=\"360\" alt=\"\" \/><\/a> <\/li> <li class=\"rl-gallery-item splide__slide\" data-thumb=\"https:\/\/assedel.org\/wp-content\/uploads\/2025\/07\/IMG_1099-555x360.jpg\"> <a href=\"https:\/\/assedel.org\/wp-content\/uploads\/2025\/07\/IMG_1099-scaled.jpg\" title=\"\" data-rl_title=\"\" class=\"rl-gallery-link\" data-rl_caption=\"\" data-rel=\"lightbox-gallery-1\"><img loading=\"lazy\" decoding=\"async\" src=\"https:\/\/assedel.org\/wp-content\/uploads\/2025\/07\/IMG_1099-555x360.jpg\" width=\"555\" height=\"360\" alt=\"\" \/><\/a> <\/li> <li class=\"rl-gallery-item splide__slide\" data-thumb=\"https:\/\/assedel.org\/wp-content\/uploads\/2025\/07\/IMG_1111-555x360.jpg\"> <a href=\"https:\/\/assedel.org\/wp-content\/uploads\/2025\/07\/IMG_1111-scaled.jpg\" title=\"\" data-rl_title=\"\" class=\"rl-gallery-link\" data-rl_caption=\"\" data-rel=\"lightbox-gallery-1\"><img loading=\"lazy\" decoding=\"async\" src=\"https:\/\/assedel.org\/wp-content\/uploads\/2025\/07\/IMG_1111-555x360.jpg\" width=\"555\" height=\"360\" alt=\"\" \/><\/a> <\/li> <li class=\"rl-gallery-item splide__slide\" data-thumb=\"https:\/\/assedel.org\/wp-content\/uploads\/2025\/07\/IMG_1037-555x360.jpg\"> <a href=\"https:\/\/assedel.org\/wp-content\/uploads\/2025\/07\/IMG_1037-scaled.jpg\" title=\"\" data-rl_title=\"\" class=\"rl-gallery-link\" data-rl_caption=\"\" data-rel=\"lightbox-gallery-1\"><img loading=\"lazy\" decoding=\"async\" src=\"https:\/\/assedel.org\/wp-content\/uploads\/2025\/07\/IMG_1037-555x360.jpg\" width=\"555\" height=\"360\" alt=\"Food security event\" \/><\/a> <\/li> <li class=\"rl-gallery-item splide__slide\" data-thumb=\"https:\/\/assedel.org\/wp-content\/uploads\/2025\/07\/IMG_1086-555x360.jpg\"> <a href=\"https:\/\/assedel.org\/wp-content\/uploads\/2025\/07\/IMG_1086-scaled.jpg\" title=\"\" data-rl_title=\"\" class=\"rl-gallery-link\" data-rl_caption=\"\" data-rel=\"lightbox-gallery-1\"><img loading=\"lazy\" decoding=\"async\" src=\"https:\/\/assedel.org\/wp-content\/uploads\/2025\/07\/IMG_1086-555x360.jpg\" width=\"555\" height=\"360\" alt=\"\" \/><\/a> <\/li> <\/ul> <\/div> <\/div><\/div>\n\n\n\n<figure class=\"wp-block-embed is-type-video is-provider-youtube wp-block-embed-youtube wp-embed-aspect-9-16 wp-has-aspect-ratio\"><div class=\"wp-block-embed__wrapper\">\n<div class=\"embed-container\"><iframe loading=\"lazy\" title=\"\u200bPanel Discussion \u201cNo One Left Hungry: Food Access as a Fundamental Human Right\u201d\" width=\"563\" height=\"1000\" src=\"https:\/\/www.youtube.com\/embed\/-qcTGrhDEHc?feature=oembed\" frameborder=\"0\" allow=\"accelerometer; autoplay; clipboard-write; encrypted-media; gyroscope; picture-in-picture; web-share\" referrerpolicy=\"strict-origin-when-cross-origin\" allowfullscreen><\/iframe><\/div>\n<\/div><\/figure>\n\n\n\n<p><\/p>","protected":false},"excerpt":{"rendered":"<p>We are thrilled to share that our Panel Discussion \u201cNo One Left Hungry: Food Access as a Fundamental Human Right\u201d took place&#8230;<\/p>","protected":false},"author":1,"featured_media":7351,"comment_status":"closed","ping_status":"closed","sticky":false,"template":"","format":"standard","meta":{"give_campaign_id":0,"_uag_custom_page_level_css":"","footnotes":""},"categories":[92,1507,1500,22],"tags":[],"class_list":{"0":"post-7179","1":"post","2":"type-post","3":"status-publish","4":"format-standard","5":"has-post-thumbnail","7":"category-actualites-fr","8":"category-evenements","9":"category-events","10":"category-news-eng"},"uagb_featured_image_src":{"full":["https:\/\/assedel.org\/wp-content\/uploads\/2025\/06\/WEBPAGE-COVER-TO-USE-57.png",2000,1013,false],"thumbnail":["https:\/\/assedel.org\/wp-content\/uploads\/2025\/06\/WEBPAGE-COVER-TO-USE-57-150x150.png",150,150,true],"medium":["https:\/\/assedel.org\/wp-content\/uploads\/2025\/06\/WEBPAGE-COVER-TO-USE-57-300x152.png",300,152,true],"medium_large":["https:\/\/assedel.org\/wp-content\/uploads\/2025\/06\/WEBPAGE-COVER-TO-USE-57-768x389.png",768,389,true],"large":["https:\/\/assedel.org\/wp-content\/uploads\/2025\/06\/WEBPAGE-COVER-TO-USE-57-1024x519.png",1024,519,true],"1536x1536":["https:\/\/assedel.org\/wp-content\/uploads\/2025\/06\/WEBPAGE-COVER-TO-USE-57-1536x778.png",1536,778,true],"2048x2048":["https:\/\/assedel.org\/wp-content\/uploads\/2025\/06\/WEBPAGE-COVER-TO-USE-57.png",2000,1013,false],"trp-custom-language-flag":["https:\/\/assedel.org\/wp-content\/uploads\/2025\/06\/WEBPAGE-COVER-TO-USE-57-18x9.png",18,9,true],"inhype-blog-thumb":["https:\/\/assedel.org\/wp-content\/uploads\/2025\/06\/WEBPAGE-COVER-TO-USE-57-1140x694.png",1140,694,true],"inhype-blog-thumb-grid":["https:\/\/assedel.org\/wp-content\/uploads\/2025\/06\/WEBPAGE-COVER-TO-USE-57-555x360.png",555,360,true],"inhype-blog-thumb-widget":["https:\/\/assedel.org\/wp-content\/uploads\/2025\/06\/WEBPAGE-COVER-TO-USE-57-220x180.png",220,180,true],"inhype-blog-thumb-masonry":["https:\/\/assedel.org\/wp-content\/uploads\/2025\/06\/WEBPAGE-COVER-TO-USE-57-360x182.png",360,182,true]},"uagb_author_info":{"display_name":"assedel","author_link":"https:\/\/assedel.org\/fr\/author\/assedel\/"},"uagb_comment_info":0,"uagb_excerpt":"We are thrilled to share that our Panel Discussion \u201cNo One Left Hungry: Food Access as a Fundamental Human Right\u201d took place...","amp_enabled":true,"_links":{"self":[{"href":"https:\/\/assedel.org\/fr\/wp-json\/wp\/v2\/posts\/7179","targetHints":{"allow":["GET"]}}],"collection":[{"href":"https:\/\/assedel.org\/fr\/wp-json\/wp\/v2\/posts"}],"about":[{"href":"https:\/\/assedel.org\/fr\/wp-json\/wp\/v2\/types\/post"}],"author":[{"embeddable":true,"href":"https:\/\/assedel.org\/fr\/wp-json\/wp\/v2\/users\/1"}],"replies":[{"embeddable":true,"href":"https:\/\/assedel.org\/fr\/wp-json\/wp\/v2\/comments?post=7179"}],"version-history":[{"count":19,"href":"https:\/\/assedel.org\/fr\/wp-json\/wp\/v2\/posts\/7179\/revisions"}],"predecessor-version":[{"id":7414,"href":"https:\/\/assedel.org\/fr\/wp-json\/wp\/v2\/posts\/7179\/revisions\/7414"}],"wp:featuredmedia":[{"embeddable":true,"href":"https:\/\/assedel.org\/fr\/wp-json\/wp\/v2\/media\/7351"}],"wp:attachment":[{"href":"https:\/\/assedel.org\/fr\/wp-json\/wp\/v2\/media?parent=7179"}],"wp:term":[{"taxonomy":"category","embeddable":true,"href":"https:\/\/assedel.org\/fr\/wp-json\/wp\/v2\/categories?post=7179"},{"taxonomy":"post_tag","embeddable":true,"href":"https:\/\/assedel.org\/fr\/wp-json\/wp\/v2\/tags?post=7179"}],"curies":[{"name":"wp","href":"https:\/\/api.w.org\/{rel}","templated":true}]}}