
{"id":7064,"date":"2025-05-20T12:00:00","date_gmt":"2025-05-20T12:00:00","guid":{"rendered":"https:\/\/assedel.org\/?p=7064"},"modified":"2025-09-04T08:52:53","modified_gmt":"2025-09-04T08:52:53","slug":"violence-against-women-and-sexual-assault-in-italy-potential-issues-related-to-the-implementation-of-the-council-of-europe-convention-on-preventing-and-combating-violence-against-women-and-domestic-v","status":"publish","type":"post","link":"https:\/\/assedel.org\/fr\/violence-against-women-and-sexual-assault-in-italy-potential-issues-related-to-the-implementation-of-the-council-of-europe-convention-on-preventing-and-combating-violence-against-women-and-domestic-v\/","title":{"rendered":"Violence \u00e0 l'\u00e9gard des femmes et agressions sexuelles en Italie : Questions potentielles li\u00e9es \u00e0 la mise en \u0153uvre de la Convention du Conseil de l'Europe sur la pr\u00e9vention et la lutte contre la violence \u00e0 l'\u00e9gard des femmes et la violence domestique"},"content":{"rendered":"<p>En Italie, la violence \u00e0 l'\u00e9gard des femmes reste un probl\u00e8me critique en mati\u00e8re de droits de l'homme, malgr\u00e9 des avanc\u00e9es notables dans le cadre juridique et institutionnel. Le ph\u00e9nom\u00e8ne touche les femmes dans tous les secteurs de la soci\u00e9t\u00e9 et est profond\u00e9ment enracin\u00e9 dans des dynamiques culturelles, sociales et structurelles qui continuent de favoriser la discrimination et les abus fond\u00e9s sur le sexe.<\/p>\n\n\n\n<p>Bien que l'Italie ait ratifi\u00e9 la Convention du Conseil de l'Europe sur la pr\u00e9vention et la lutte contre la violence \u00e0 l'\u00e9gard des femmes et la violence domestique (Convention d'Istanbul) et qu'elle ait adopt\u00e9 une l\u00e9gislation nationale pertinente - telle que la loi n\u00b0 69\/2019 (Codice Rosso) - la mise en \u0153uvre de ces normes reste incoh\u00e9rente. Les lacunes sont particuli\u00e8rement \u00e9videntes dans les strat\u00e9gies de pr\u00e9vention, les m\u00e9canismes de soutien aux victimes et la coordination entre les services judiciaires et sociaux.<\/p>\n\n\n\n<p>Les donn\u00e9es de ces derni\u00e8res ann\u00e9es r\u00e9v\u00e8lent une tendance \u00e0 la hausse du nombre de femmes acc\u00e9dant aux centres anti-violence, ce qui sugg\u00e8re \u00e0 la fois une prise de conscience accrue et une pr\u00e9valence continue des abus. Toutefois, les faibles taux de signalement, le manque de r\u00e9activit\u00e9 des institutions et les st\u00e9r\u00e9otypes persistants soulignent les limites des mesures existantes. Dans les \u00e9tablissements d'enseignement, sur les lieux de travail et m\u00eame au sein des forces de l'ordre, la sensibilisation et la formation \u00e0 la violence fond\u00e9e sur le sexe restent insuffisantes.<\/p>\n\n\n\n<p>This report examines the current legal, policy, and institutional landscape in Italy in relation to violence against women. It identifies areas where alignment with European and international standards is lacking and proposes targeted reforms to improve protection, access to justice, and the overall effectiveness of the state\u2019s response.<\/p>\n\n\n\n<p>Pour lire l\u2019int\u00e9gralit\u00e9 de notre rapport, veuillez cliquer <a href=\"https:\/\/assedel.org\/wp-content\/uploads\/2025\/06\/Violence-against-women-in-italy-final-report-5-1.pdf\" data-type=\"attachment\" data-id=\"7067\">ici<\/a>.<\/p>\n\n\n\n<p><\/p>","protected":false},"excerpt":{"rendered":"<p>Violence against women in Italy persists as a critical human rights issue, despite notable advancements in the legal and institutional framework. The&#8230;<\/p>","protected":false},"author":1,"featured_media":7069,"comment_status":"closed","ping_status":"closed","sticky":false,"template":"","format":"standard","meta":{"give_campaign_id":0,"_uag_custom_page_level_css":"","footnotes":""},"categories":[82,30,81,29],"tags":[],"class_list":{"0":"post-7064","1":"post","2":"type-post","3":"status-publish","4":"format-standard","5":"has-post-thumbnail","7":"category-conseil-de-leurope","8":"category-council-of-europe-eng","9":"category-soumissions","10":"category-submissions-eng"},"uagb_featured_image_src":{"full":["https:\/\/assedel.org\/wp-content\/uploads\/2025\/06\/WEBPAGE-COVER-TO-USE-32.png",2000,1013,false],"thumbnail":["https:\/\/assedel.org\/wp-content\/uploads\/2025\/06\/WEBPAGE-COVER-TO-USE-32-150x150.png",150,150,true],"medium":["https:\/\/assedel.org\/wp-content\/uploads\/2025\/06\/WEBPAGE-COVER-TO-USE-32-300x152.png",300,152,true],"medium_large":["https:\/\/assedel.org\/wp-content\/uploads\/2025\/06\/WEBPAGE-COVER-TO-USE-32-768x389.png",768,389,true],"large":["https:\/\/assedel.org\/wp-content\/uploads\/2025\/06\/WEBPAGE-COVER-TO-USE-32-1024x519.png",1024,519,true],"1536x1536":["https:\/\/assedel.org\/wp-content\/uploads\/2025\/06\/WEBPAGE-COVER-TO-USE-32-1536x778.png",1536,778,true],"2048x2048":["https:\/\/assedel.org\/wp-content\/uploads\/2025\/06\/WEBPAGE-COVER-TO-USE-32.png",2000,1013,false],"trp-custom-language-flag":["https:\/\/assedel.org\/wp-content\/uploads\/2025\/06\/WEBPAGE-COVER-TO-USE-32-18x9.png",18,9,true],"inhype-blog-thumb":["https:\/\/assedel.org\/wp-content\/uploads\/2025\/06\/WEBPAGE-COVER-TO-USE-32-1140x694.png",1140,694,true],"inhype-blog-thumb-grid":["https:\/\/assedel.org\/wp-content\/uploads\/2025\/06\/WEBPAGE-COVER-TO-USE-32-555x360.png",555,360,true],"inhype-blog-thumb-widget":["https:\/\/assedel.org\/wp-content\/uploads\/2025\/06\/WEBPAGE-COVER-TO-USE-32-220x180.png",220,180,true],"inhype-blog-thumb-masonry":["https:\/\/assedel.org\/wp-content\/uploads\/2025\/06\/WEBPAGE-COVER-TO-USE-32-360x182.png",360,182,true]},"uagb_author_info":{"display_name":"assedel","author_link":"https:\/\/assedel.org\/fr\/author\/assedel\/"},"uagb_comment_info":0,"uagb_excerpt":"Violence against women in Italy persists as a critical human rights issue, despite notable advancements in the legal and institutional framework. The...","amp_enabled":true,"_links":{"self":[{"href":"https:\/\/assedel.org\/fr\/wp-json\/wp\/v2\/posts\/7064","targetHints":{"allow":["GET"]}}],"collection":[{"href":"https:\/\/assedel.org\/fr\/wp-json\/wp\/v2\/posts"}],"about":[{"href":"https:\/\/assedel.org\/fr\/wp-json\/wp\/v2\/types\/post"}],"author":[{"embeddable":true,"href":"https:\/\/assedel.org\/fr\/wp-json\/wp\/v2\/users\/1"}],"replies":[{"embeddable":true,"href":"https:\/\/assedel.org\/fr\/wp-json\/wp\/v2\/comments?post=7064"}],"version-history":[{"count":2,"href":"https:\/\/assedel.org\/fr\/wp-json\/wp\/v2\/posts\/7064\/revisions"}],"predecessor-version":[{"id":7068,"href":"https:\/\/assedel.org\/fr\/wp-json\/wp\/v2\/posts\/7064\/revisions\/7068"}],"wp:featuredmedia":[{"embeddable":true,"href":"https:\/\/assedel.org\/fr\/wp-json\/wp\/v2\/media\/7069"}],"wp:attachment":[{"href":"https:\/\/assedel.org\/fr\/wp-json\/wp\/v2\/media?parent=7064"}],"wp:term":[{"taxonomy":"category","embeddable":true,"href":"https:\/\/assedel.org\/fr\/wp-json\/wp\/v2\/categories?post=7064"},{"taxonomy":"post_tag","embeddable":true,"href":"https:\/\/assedel.org\/fr\/wp-json\/wp\/v2\/tags?post=7064"}],"curies":[{"name":"wp","href":"https:\/\/api.w.org\/{rel}","templated":true}]}}