
{"id":7026,"date":"2025-06-06T09:31:33","date_gmt":"2025-06-06T09:31:33","guid":{"rendered":"https:\/\/assedel.org\/?p=7026"},"modified":"2025-10-17T21:07:25","modified_gmt":"2025-10-17T21:07:25","slug":"assedel-raises-concerns-over-government-initiative-targeting-the-european-court-of-human-rights","status":"publish","type":"post","link":"https:\/\/assedel.org\/fr\/assedel-raises-concerns-over-government-initiative-targeting-the-european-court-of-human-rights\/","title":{"rendered":"L'ASSEDEL s'inqui\u00e8te de l'initiative gouvernementale visant la Cour europ\u00e9enne des droits de l'homme"},"content":{"rendered":"<p>On 27 May 2025, ASSEDEL \u2013 l\u2019Association Europ\u00e9enne pour la D\u00e9fense des Droits et des Libert\u00e9s \u2013 published a statement expressing deep concern over a joint letter issued by nine Council of Europe member states calling for a reinterpretation of the European Convention on Human Rights by the European Court of Human Rights.<\/p>\n\n\n\n<p>Dans sa d\u00e9claration, l'ASSEDEL r\u00e9affirme l'importance vitale de l'ind\u00e9pendance de la justice et le r\u00f4le de la Cour comme pierre angulaire du syst\u00e8me europ\u00e9en de protection des droits humains. L'association exhorte tous les acteurs d\u00e9mocratiques \u00e0 d\u00e9fendre l'autorit\u00e9 de la Cour et appelle \u00e0 la vigilance face \u00e0 la pression politique croissante.<\/p>\n\n\n\n<p>Vous pouvez lire le communiqu\u00e9 de presse complet <a href=\"https:\/\/assedel.org\/wp-content\/uploads\/2025\/05\/Press-Release30Mai25-4.pdf\" data-type=\"attachment\" data-id=\"7046\">ici<\/a>.<\/p>\n\n\n\n<p><\/p>","protected":false},"excerpt":{"rendered":"<p>On 27 May 2025, ASSEDEL \u2013 l\u2019Association Europ\u00e9enne pour la D\u00e9fense des Droits et des Libert\u00e9s \u2013 published a statement expressing deep&#8230;<\/p>","protected":false},"author":1,"featured_media":7039,"comment_status":"closed","ping_status":"closed","sticky":false,"template":"","format":"standard","meta":{"give_campaign_id":0,"_uag_custom_page_level_css":"","footnotes":""},"categories":[92,82,30,22,81,29],"tags":[],"class_list":{"0":"post-7026","1":"post","2":"type-post","3":"status-publish","4":"format-standard","5":"has-post-thumbnail","7":"category-actualites-fr","8":"category-conseil-de-leurope","9":"category-council-of-europe-eng","10":"category-news-eng","11":"category-soumissions","12":"category-submissions-eng"},"uagb_featured_image_src":{"full":["https:\/\/assedel.org\/wp-content\/uploads\/2025\/05\/WEBPAGE-COVER-TO-USE-31.png",2000,1013,false],"thumbnail":["https:\/\/assedel.org\/wp-content\/uploads\/2025\/05\/WEBPAGE-COVER-TO-USE-31-150x150.png",150,150,true],"medium":["https:\/\/assedel.org\/wp-content\/uploads\/2025\/05\/WEBPAGE-COVER-TO-USE-31-300x152.png",300,152,true],"medium_large":["https:\/\/assedel.org\/wp-content\/uploads\/2025\/05\/WEBPAGE-COVER-TO-USE-31-768x389.png",768,389,true],"large":["https:\/\/assedel.org\/wp-content\/uploads\/2025\/05\/WEBPAGE-COVER-TO-USE-31-1024x519.png",1024,519,true],"1536x1536":["https:\/\/assedel.org\/wp-content\/uploads\/2025\/05\/WEBPAGE-COVER-TO-USE-31-1536x778.png",1536,778,true],"2048x2048":["https:\/\/assedel.org\/wp-content\/uploads\/2025\/05\/WEBPAGE-COVER-TO-USE-31.png",2000,1013,false],"trp-custom-language-flag":["https:\/\/assedel.org\/wp-content\/uploads\/2025\/05\/WEBPAGE-COVER-TO-USE-31-18x9.png",18,9,true],"inhype-blog-thumb":["https:\/\/assedel.org\/wp-content\/uploads\/2025\/05\/WEBPAGE-COVER-TO-USE-31-1140x694.png",1140,694,true],"inhype-blog-thumb-grid":["https:\/\/assedel.org\/wp-content\/uploads\/2025\/05\/WEBPAGE-COVER-TO-USE-31-555x360.png",555,360,true],"inhype-blog-thumb-widget":["https:\/\/assedel.org\/wp-content\/uploads\/2025\/05\/WEBPAGE-COVER-TO-USE-31-220x180.png",220,180,true],"inhype-blog-thumb-masonry":["https:\/\/assedel.org\/wp-content\/uploads\/2025\/05\/WEBPAGE-COVER-TO-USE-31-360x182.png",360,182,true]},"uagb_author_info":{"display_name":"assedel","author_link":"https:\/\/assedel.org\/fr\/author\/assedel\/"},"uagb_comment_info":0,"uagb_excerpt":"On 27 May 2025, ASSEDEL \u2013 l\u2019Association Europ\u00e9enne pour la D\u00e9fense des Droits et des Libert\u00e9s \u2013 published a statement expressing deep...","amp_enabled":true,"_links":{"self":[{"href":"https:\/\/assedel.org\/fr\/wp-json\/wp\/v2\/posts\/7026","targetHints":{"allow":["GET"]}}],"collection":[{"href":"https:\/\/assedel.org\/fr\/wp-json\/wp\/v2\/posts"}],"about":[{"href":"https:\/\/assedel.org\/fr\/wp-json\/wp\/v2\/types\/post"}],"author":[{"embeddable":true,"href":"https:\/\/assedel.org\/fr\/wp-json\/wp\/v2\/users\/1"}],"replies":[{"embeddable":true,"href":"https:\/\/assedel.org\/fr\/wp-json\/wp\/v2\/comments?post=7026"}],"version-history":[{"count":8,"href":"https:\/\/assedel.org\/fr\/wp-json\/wp\/v2\/posts\/7026\/revisions"}],"predecessor-version":[{"id":7048,"href":"https:\/\/assedel.org\/fr\/wp-json\/wp\/v2\/posts\/7026\/revisions\/7048"}],"wp:featuredmedia":[{"embeddable":true,"href":"https:\/\/assedel.org\/fr\/wp-json\/wp\/v2\/media\/7039"}],"wp:attachment":[{"href":"https:\/\/assedel.org\/fr\/wp-json\/wp\/v2\/media?parent=7026"}],"wp:term":[{"taxonomy":"category","embeddable":true,"href":"https:\/\/assedel.org\/fr\/wp-json\/wp\/v2\/categories?post=7026"},{"taxonomy":"post_tag","embeddable":true,"href":"https:\/\/assedel.org\/fr\/wp-json\/wp\/v2\/tags?post=7026"}],"curies":[{"name":"wp","href":"https:\/\/api.w.org\/{rel}","templated":true}]}}