
{"id":6755,"date":"2025-04-04T13:56:17","date_gmt":"2025-04-04T13:56:17","guid":{"rendered":"https:\/\/assedel.org\/?p=6755"},"modified":"2025-10-17T21:12:57","modified_gmt":"2025-10-17T21:12:57","slug":"italy-two-more-femicides-highlight-the-lack-of-prevention-policies-in-the-country","status":"publish","type":"post","link":"https:\/\/assedel.org\/fr\/italy-two-more-femicides-highlight-the-lack-of-prevention-policies-in-the-country\/","title":{"rendered":"Italie : deux nouveaux f\u00e9minicides mettent en \u00e9vidence le manque de politiques de pr\u00e9vention dans le pays"},"content":{"rendered":"<p><strong>Que s\u2019est-il pass\u00e9?<\/strong><\/p>\n\n\n\n<p>In the last few days Italy has been shocked by 2 new cases of femicide. Both victims were 22 year old university students, Sara Campanella and Ilaria Sula, murdered by men unable to accept rejection in love. Firstly on the 30th of March Sara Campanella was stabbed and killed in the street in Messina by a 27 year old man. Then, on the 2th of April,near Rome, the body of Ilaria Sula was found in a suitcase, the 22 year student had been missing since the 25th of March as the family denounced. The killer was the girl\u2019s ex-partner who has already confessed the murder to the public institutions.<\/p>\n\n\n\n<p><strong>La probl\u00e9matique sociale des violences bas\u00e9es sur le genre<\/strong><\/p>\n\n\n\n<p>The recent murders of Sara Campanella and Ilaria Sula are not isolated cases, but part of an ongoing social issue in Italy: gender based violence and femicide. In 2024, a total of\u00a0 321 homicides have been committed across the country . Of these, 113 were women and 61 of them were killed by current or former partners unable to accept the end of the relationship. In addition, 31 of the total are within the family\u2019s environment. These tragic numbers highlight a\u00a0 crisis where love is declined into compulsive possession and a rejection may lead to these dreadful consequences.<\/p>\n\n\n\n<p><strong>La n\u00e9cessit\u00e9 de la pr\u00e9vention<\/strong><\/p>\n\n\n\n<p><em>ASSEDEL <\/em>condamne ces deux actes tragiques et exprime ses sinc\u00e8res condol\u00e9ances aux familles des victimes. Toutefois, nous estimons qu\u2019il est essentiel de r\u00e9fl\u00e9chir sur le th\u00e8me des politiques de pr\u00e9vention.<\/p>\n\n\n\n<p>Bien que le Parlement italien ait r\u00e9cemment adopt\u00e9 une loi introduisant officiellement le crime de f\u00e9minicide dans le Code p\u00e9nal national<em> ASSEDEL<\/em> soutient que l\u2019approche exclusivement r\u00e9pressive du gouvernement italien n\u2019est pas suffisante pour traiter et r\u00e9soudre efficacement un probl\u00e8me social aussi crucial que les violences bas\u00e9es sur le genre et les f\u00e9minicides. \u00c9tant donn\u00e9 l\u2019importance croissante de ce sujet ces derni\u00e8res ann\u00e9es, le gouvernement devrait mettre en \u0153uvre une nouvelle strat\u00e9gie pr\u00e9ventive capable d\u2019entra\u00eener un changement radical au sein de la soci\u00e9t\u00e9 italienne et de sa culture patriarcale. L\u2019un des domaines cl\u00e9s d\u2019intervention est le syst\u00e8me \u00e9ducatif. En effet,<em> ASSEDEL <\/em>supports the recent Italian bill,\u00a0 proposed through the initiative of 50,000 civil society signatures, aimed to introduce 33 mandatory hours per year of Emotional Education in the Italian schools. This reform would help young generations to learn how to understand and handle our own emotions and those of others<\/p>\n\n\n\n<p>En conclusion <em>ASSEDEL<\/em> appelle \u00e0 une action imm\u00e9diate pour combler les lacunes des politiques italiennes de pr\u00e9vention, afin de lutter contre les violences bas\u00e9es sur le genre et pr\u00e9venir de futurs f\u00e9minicides.<\/p>","protected":false},"excerpt":{"rendered":"<p>What happened ? In the last few days Italy has been shocked by 2 new cases of femicide. Both victims were 22&#8230;<\/p>","protected":false},"author":1,"featured_media":6757,"comment_status":"closed","ping_status":"closed","sticky":false,"template":"","format":"standard","meta":{"give_campaign_id":0,"_uag_custom_page_level_css":"","footnotes":""},"categories":[92,22,28,96],"tags":[],"class_list":{"0":"post-6755","1":"post","2":"type-post","3":"status-publish","4":"format-standard","5":"has-post-thumbnail","7":"category-actualites-fr","8":"category-news-eng","9":"category-opinion-eng","10":"category-opinionfr"},"uagb_featured_image_src":{"full":["https:\/\/assedel.org\/wp-content\/uploads\/2025\/04\/WEBPAGE-COVER-TO-USE-12.png",2000,1013,false],"thumbnail":["https:\/\/assedel.org\/wp-content\/uploads\/2025\/04\/WEBPAGE-COVER-TO-USE-12-150x150.png",150,150,true],"medium":["https:\/\/assedel.org\/wp-content\/uploads\/2025\/04\/WEBPAGE-COVER-TO-USE-12-300x152.png",300,152,true],"medium_large":["https:\/\/assedel.org\/wp-content\/uploads\/2025\/04\/WEBPAGE-COVER-TO-USE-12-768x389.png",768,389,true],"large":["https:\/\/assedel.org\/wp-content\/uploads\/2025\/04\/WEBPAGE-COVER-TO-USE-12-1024x519.png",1024,519,true],"1536x1536":["https:\/\/assedel.org\/wp-content\/uploads\/2025\/04\/WEBPAGE-COVER-TO-USE-12-1536x778.png",1536,778,true],"2048x2048":["https:\/\/assedel.org\/wp-content\/uploads\/2025\/04\/WEBPAGE-COVER-TO-USE-12.png",2000,1013,false],"trp-custom-language-flag":["https:\/\/assedel.org\/wp-content\/uploads\/2025\/04\/WEBPAGE-COVER-TO-USE-12-18x9.png",18,9,true],"inhype-blog-thumb":["https:\/\/assedel.org\/wp-content\/uploads\/2025\/04\/WEBPAGE-COVER-TO-USE-12-1140x694.png",1140,694,true],"inhype-blog-thumb-grid":["https:\/\/assedel.org\/wp-content\/uploads\/2025\/04\/WEBPAGE-COVER-TO-USE-12-555x360.png",555,360,true],"inhype-blog-thumb-widget":["https:\/\/assedel.org\/wp-content\/uploads\/2025\/04\/WEBPAGE-COVER-TO-USE-12-220x180.png",220,180,true],"inhype-blog-thumb-masonry":["https:\/\/assedel.org\/wp-content\/uploads\/2025\/04\/WEBPAGE-COVER-TO-USE-12-360x182.png",360,182,true]},"uagb_author_info":{"display_name":"assedel","author_link":"https:\/\/assedel.org\/fr\/author\/assedel\/"},"uagb_comment_info":0,"uagb_excerpt":"What happened ? In the last few days Italy has been shocked by 2 new cases of femicide. Both victims were 22...","amp_enabled":true,"_links":{"self":[{"href":"https:\/\/assedel.org\/fr\/wp-json\/wp\/v2\/posts\/6755","targetHints":{"allow":["GET"]}}],"collection":[{"href":"https:\/\/assedel.org\/fr\/wp-json\/wp\/v2\/posts"}],"about":[{"href":"https:\/\/assedel.org\/fr\/wp-json\/wp\/v2\/types\/post"}],"author":[{"embeddable":true,"href":"https:\/\/assedel.org\/fr\/wp-json\/wp\/v2\/users\/1"}],"replies":[{"embeddable":true,"href":"https:\/\/assedel.org\/fr\/wp-json\/wp\/v2\/comments?post=6755"}],"version-history":[{"count":1,"href":"https:\/\/assedel.org\/fr\/wp-json\/wp\/v2\/posts\/6755\/revisions"}],"predecessor-version":[{"id":6758,"href":"https:\/\/assedel.org\/fr\/wp-json\/wp\/v2\/posts\/6755\/revisions\/6758"}],"wp:featuredmedia":[{"embeddable":true,"href":"https:\/\/assedel.org\/fr\/wp-json\/wp\/v2\/media\/6757"}],"wp:attachment":[{"href":"https:\/\/assedel.org\/fr\/wp-json\/wp\/v2\/media?parent=6755"}],"wp:term":[{"taxonomy":"category","embeddable":true,"href":"https:\/\/assedel.org\/fr\/wp-json\/wp\/v2\/categories?post=6755"},{"taxonomy":"post_tag","embeddable":true,"href":"https:\/\/assedel.org\/fr\/wp-json\/wp\/v2\/tags?post=6755"}],"curies":[{"name":"wp","href":"https:\/\/api.w.org\/{rel}","templated":true}]}}