
{"id":6722,"date":"2025-04-03T12:22:25","date_gmt":"2025-04-03T12:22:25","guid":{"rendered":"https:\/\/assedel.org\/?p=6722"},"modified":"2025-09-04T08:59:31","modified_gmt":"2025-09-04T08:59:31","slug":"marine-le-pen-entre-condamnation-judiciaire-et-manipulation-politique-letat-dedroit-en-peril","status":"publish","type":"post","link":"https:\/\/assedel.org\/fr\/marine-le-pen-entre-condamnation-judiciaire-et-manipulation-politique-letat-dedroit-en-peril\/","title":{"rendered":"Marine Le Pen: Entre condamnation judiciaire et manipulation politique, l\u2019\u00c9tat de droit en p\u00e9ril"},"content":{"rendered":"<p><strong>Un d\u00e9tournement de fonds publics estim\u00e9 \u00e0 2,9 millions d\u2019euros<\/strong><br>Ce lundi 31 mars, la sentence est tomb\u00e9e pour Marine Le Pen, figure du Rassemblement National, le parti fran\u00e7ais d\u2019extr\u00eame droite : une amende de 100 000 euros, une peine de quatre ans de prison, dont deux fermes sous bracelet \u00e9lectronique, assortie de cinq ans d\u2019in\u00e9ligibilit\u00e9.\nCette condamnation, d\u00e9cisive pour les prochaines \u00e9lections pr\u00e9sidentielles de 2027 fait suite \u00e0 l\u2019affaire des assistants parlementaires europ\u00e9ens dans laquelle il a \u00e9t\u00e9 \u00e9tabli que les accus\u00e9s avaient d\u00e9tourn\u00e9 des fonds publics en r\u00e9mun\u00e9rant des assistants parlementaires pour des missions qui auraient en r\u00e9alit\u00e9 servi les int\u00e9r\u00eats du parti plut\u00f4t que le travail l\u00e9gislatif europ\u00e9en.\nHuit autres eurod\u00e9put\u00e9s du RN ont \u00e9t\u00e9 reconnus coupables de d\u00e9tournement de fonds publics, et douze assistants parlementaires ont \u00e9t\u00e9 condamn\u00e9s pour recel de d\u00e9tournement de fonds publics.\nUn pr\u00e9judice total qui s\u2019\u00e9l\u00e8ve \u00e0 2,9 millions d\u2019euros, selon la justice fran\u00e7aise.<\/p>\n\n\n\n<p><strong>Un int\u00e9r\u00eat personnel au-dessus de la justice<\/strong><br>Immediately after her conviction, the party leader denied any wrongdoing\u2014despite the findings of the French justice system. Reacting aggressively, Marine Le Pen and other figures from the far-right denounced a biased and politicized justice system, portraying themselves as victims of a political plot aimed at barring the former presidential candidate from the 2027 race. By suggesting that the French judiciary is being used for political ends, Marine Le Pen is clearly trying to serve her own interests: dodging responsibility while maintaining her position on the political chessboard. Her main argument: the twelve million voters who supported her party in the legislative elections, making it the leading political force in the country. Instead of accepting responsibility, the National Rally leader and her supporters have launched a campaign to delegitimize the French judiciary. In this offensive, she has gone so far as to personally target judges, accusing them of being part of a \u201ccorrupt system.\u201d The judiciary, on its part, insists that the evidence collected during the investigation is solid and based on tangible facts, free from political interference. Marine Le Pen is employing a dangerous strategy\u2014one that undermines public trust in institutions and weakens the very foundations of our democracy. It is worth remembering that no one is above the law. Justice must not be a tool of convenience, and systematic challenges to judicial decisions by political leaders severely erode the social contract. If Marine Le Pen truly claims to defend the French people and restore state authority, she should start by respecting judicial authority.<\/p>\n\n\n\n<p><strong>Des soutiens nombreux et un climat de d\u00e9fiance<\/strong><br>Malgr\u00e9 sa condamnation, Marine Le Pen a re\u00e7u de nombreux soutiens au sein de son parti, mais aussi au-del\u00e0, \u00e0 l\u2019international. Jordan Bardella, pr\u00e9sident du Rassemblement National, a fustig\u00e9 une \u201cjustice instrumentalis\u00e9e\u201d, tandis que d\u2019autres figures de la droite et de l\u2019extr\u00eame droite ont \u00e9galement exprim\u00e9 leur solidarit\u00e9. M\u00eame son \u00e9lectorat semble derri\u00e8re elle, et semble voir dans cette condamnation une preuve que Marine Le Pen d\u00e9range les \u00abpuissants\u00bb.\nSur la sc\u00e8ne internationale, plusieurs figures d\u2019extr\u00eame droite ont \u00e9galement pris sa d\u00e9fense. Matteo Salvini, vice-premier ministre italien et leader du parti Lega per Salvini Premier en Italie, a d\u00e9clar\u00e9 : \u00ab Ceux qui craignent le jugement des \u00e9lecteurs cherchent souvent \u00e0 se rassurer par celui des tribunaux. \u00bb En Hongrie, Viktor Orb\u00e1n a exprim\u00e9 son soutien \u00e0 Marine Le Pen en qualifiant son proc\u00e8s de \u201cman\u0153uvre anti-d\u00e9mocratique. \u00bb Aux \u00c9tats-Unis, des personnalit\u00e9s proches de Donald Trump ont \u00e9galement comment\u00e9 l\u2019affaire, affirmant qu\u2019elle relevait d\u2019une \u00ab chasse aux sorci\u00e8res \u00bb similaire \u00e0 celle qu\u2019aurait subie l\u2019ex-pr\u00e9sident am\u00e9ricain.<\/p>\n\n\n\n<p><strong>Une position ambigu\u00eb du gouvernement fran\u00e7ais<\/strong><br>In France, the Prime Minister himself expressed doubts about the ineligibility sentence. He stated that the decision \u201craises questions\u201d and that it is essential to \u201censure that justice is not seen as a player in the political game.\u201d Such a statement casts doubt and feeds the narrative that the ruling may have politically questionable motives. By failing to unequivocally affirm the judiciary\u2019s decision, the government contributes to the erosion of public confidence in institutions and calls into question the impartiality of judicial power.<\/p>\n\n\n\n<p><strong>Un candidat \u00e0 la pr\u00e9sidentielle se doit d\u2019\u00eatre exemplaire<\/strong><br>La pr\u00e9sidence de la R\u00e9publique n\u2019est pas une fonction comme les autres. Elle exige une probit\u00e9 et une rigueur exemplaires. Ce n\u2019est pas seulement une question d\u2019image, mais un principe fondamental : comment exiger des citoyens le respect des lois si ceux qui aspirent \u00e0 la plus haute fonction de l\u2019\u00c9tat se permettent de les contourner? Le cas de Marine Le Pen illustre \u00e0 quel point certains responsables politiques tentent de banaliser des pratiques condamnables. En cherchant \u00e0 d\u00e9tourner l\u2019attention de sa condamnation par des accusations contre la justice, elle refuse de rendre des comptes.\nCette strat\u00e9gie n\u2019est pas sans rappeler d\u2019autres leaders populistes qui, face \u00e0 des poursuites judiciaires, choisissent de discr\u00e9diter l\u2019institution plut\u00f4t que de s\u2019y soumettre. De plus, cette posture est en totale contradiction avec la ligne historique du Rassemblement National, qui s\u2019est toujours pos\u00e9 en fervent d\u00e9fenseur d\u2019une justice implacable et d\u2019un \u00c9tat fort. Pendant des ann\u00e9es, Marine Le Pen et ses alli\u00e9s ont plaid\u00e9 pour un durcissement des peines, un soutien accru aux forces de l\u2019ordre et une fermet\u00e9 intransigeante face \u00e0 la d\u00e9linquance. Aussi, Marine Le Pen a souvent d\u00e9fendu l\u2019id\u00e9e que tout candidat \u00e0 l\u2019\u00e9lection pr\u00e9sidentielle devrait avoir un casier judiciaire vierge. Or, aujourd\u2019hui, lorsqu\u2019elle est elle-m\u00eame confront\u00e9e \u00e0 la justice, elle la critique et la remet en cause. Une hypocrisie flagrante qui souligne l\u2019opportunisme du discours du Rassemblement National.<\/p>\n\n\n\n<p><strong>Vers une candidature de Jordan Bardella pour les pr\u00e9sidentielles de 2027?<\/strong><br>L\u2019homme de 29 ans se voit \u00eatre le successeur d\u00e9sign\u00e9 pour se pr\u00e9senter aux prochaines\n\u00e9lections pr\u00e9sidentielles. Le pr\u00e9sident du parti a une grande popularit\u00e9 au sein des\npartisans du Rassemblement National, surtout au sein des plus jeunes. Cependant, il doit\nencore prouver sa capacit\u00e9 \u00e0 relever ce d\u00e9fi et \u00e0 incarner pleinement le r\u00f4le de leader\ndans un contexte politique tendu.<\/p>\n\n\n\n<p><strong>Une menace pour l\u2019\u00c9tat de droit<\/strong><br>The Marine Le Pen case goes far beyond a simple judicial conviction: it raises critical questions about how political leaders respond to institutions. By attacking the justice system instead of taking responsibility, Marine Le Pen and her supporters undermine the rule of law and fuel a broader climate of mistrust.<\/p>\n\n\n\n<p>SOURCES:<\/p>\n\n\n\n<p><a href=\"https:\/\/www.rtl.fr\/actu\/politique\/jordan-bardella-grand-favori-pour-succeder-a-marine-le-pen-a-la-tete-du-rn-7900040478\">https:\/\/www.rtl.fr\/actu\/politique\/jordan-bardella-grand-favori-pour-succeder-a-marine-le-pen-a-la-tete-du-rn-7900040478<\/a><\/p>\n\n\n\n<p><a href=\"https:\/\/www.lexpress.fr\/politique\/elon-musk-viktor-orban-matteo-salvini-les-soutiens-de-marine-le-pen-se-mobilisent-dans-le-monde-3CG6OIZPSJGHZCHA5RNUUMW4IA\">https:\/\/www.lexpress.fr\/politique\/elon-musk-viktor-orban-matteo-salvini-les-soutiens-de-marine-le-pen-se-mobilisent-dans-le-monde-3CG6OIZPSJGHZCHA5RNUUMW4IA<\/a><\/p>\n\n\n\n<p><a href=\"https:\/\/atlantico.fr\/article\/pepite\/donald-trump-compare-la-condamnation-de-marine-le-pen-a-ses-propres-affaires-judiciaires\">https:\/\/atlantico.fr\/article\/pepite\/donald-trump-compare-la-condamnation-de-marine-le-pen-a-ses-propres-affaires-judiciaires<\/a><\/p>\n\n\n\n<p><a href=\"https:\/\/lcp.fr\/actualites\/ineligibilite-de-le-pen-bayrou-soutient-les-juges-mais-renvoie-la-question-de-l\">https:\/\/lcp.fr\/actualites\/ineligibilite-de-le-pen-bayrou-soutient-les-juges-mais-renvoie-la-question-de-l<\/a><\/p>\n\n\n\n<p><a href=\"https:\/\/www.liberation.fr\/politique\/ne-pas-avoir-de-condamnation-a-son-casier-judiciaire-est-pour-moi-une-regle-numero-1-quand-jordan-bardella-bouchait-lavenir-parlementaire-de-marine-le-pen-20250401_DYPZKTF6PZFGLKOTNNQJFOLOKY\">https:\/\/www.liberation.fr\/politique\/ne-pas-avoir-de-condamnation-a-son-casier-judiciaire-est-pour-moi-une-regle-numero-1-quand-jordan-bardella-bouchait-lavenir-parlementaire-de-marine-le-pen-20250401_DYPZKTF6PZFGLKOTNNQJFOLOKY<\/a><\/p>\n\n\n\n<p><a href=\"https:\/\/www.letelegramme.fr\/politique\/proces-du-rn-marine-le-pen-et-huit-eurodeputes-declares-coupables-de-detournement-de-fonds-publics-6789161.php\">https:\/\/www.letelegramme.fr\/politique\/proces-du-rn-marine-le-pen-et-huit-eurodeputes-declares-coupables-de-detournement-de-fonds-publics-6789161.php<\/a><\/p>\n\n\n\n<p><a href=\"https:\/\/www.francetvinfo.fr\/politique\/front-national\/affaire-des-assistants-fn-au-parlement-europeen\/proces-des-assistants-parlementaires-du-fn-cinq-ans-de-prison-dont-trois-avec-sursis-et-cinq-ans-d-ineligibilite-requis-contre-marine-le-pen_6895292.html\">https:\/\/www.francetvinfo.fr\/politique\/front-national\/affaire-des-assistants-fn-au-parlement-europeen\/proces-des-assistants-parlementaires-du-fn-cinq-ans-de-prison-dont-trois-avec-sursis-et-cinq-ans-d-ineligibilite-requis-contre-marine-le-pen_6895292.html<\/a><\/p>","protected":false},"excerpt":{"rendered":"<p>Heute.at<br \/>\nhttps:\/\/www.heute.at\/s\/urteil-gegen-le-pen-damit-ist-karriere-fast-zu-ende-120100012<\/p>","protected":false},"author":1,"featured_media":6754,"comment_status":"closed","ping_status":"closed","sticky":false,"template":"","format":"standard","meta":{"give_campaign_id":0,"_uag_custom_page_level_css":"","footnotes":""},"categories":[28,96],"tags":[],"class_list":{"0":"post-6722","1":"post","2":"type-post","3":"status-publish","4":"format-standard","5":"has-post-thumbnail","7":"category-opinion-eng","8":"category-opinionfr"},"uagb_featured_image_src":{"full":["https:\/\/assedel.org\/wp-content\/uploads\/2025\/04\/WEBPAGE-COVER-TO-USE-11.png",2000,1013,false],"thumbnail":["https:\/\/assedel.org\/wp-content\/uploads\/2025\/04\/WEBPAGE-COVER-TO-USE-11-150x150.png",150,150,true],"medium":["https:\/\/assedel.org\/wp-content\/uploads\/2025\/04\/WEBPAGE-COVER-TO-USE-11-300x152.png",300,152,true],"medium_large":["https:\/\/assedel.org\/wp-content\/uploads\/2025\/04\/WEBPAGE-COVER-TO-USE-11-768x389.png",768,389,true],"large":["https:\/\/assedel.org\/wp-content\/uploads\/2025\/04\/WEBPAGE-COVER-TO-USE-11-1024x519.png",1024,519,true],"1536x1536":["https:\/\/assedel.org\/wp-content\/uploads\/2025\/04\/WEBPAGE-COVER-TO-USE-11-1536x778.png",1536,778,true],"2048x2048":["https:\/\/assedel.org\/wp-content\/uploads\/2025\/04\/WEBPAGE-COVER-TO-USE-11.png",2000,1013,false],"trp-custom-language-flag":["https:\/\/assedel.org\/wp-content\/uploads\/2025\/04\/WEBPAGE-COVER-TO-USE-11-18x9.png",18,9,true],"inhype-blog-thumb":["https:\/\/assedel.org\/wp-content\/uploads\/2025\/04\/WEBPAGE-COVER-TO-USE-11-1140x694.png",1140,694,true],"inhype-blog-thumb-grid":["https:\/\/assedel.org\/wp-content\/uploads\/2025\/04\/WEBPAGE-COVER-TO-USE-11-555x360.png",555,360,true],"inhype-blog-thumb-widget":["https:\/\/assedel.org\/wp-content\/uploads\/2025\/04\/WEBPAGE-COVER-TO-USE-11-220x180.png",220,180,true],"inhype-blog-thumb-masonry":["https:\/\/assedel.org\/wp-content\/uploads\/2025\/04\/WEBPAGE-COVER-TO-USE-11-360x182.png",360,182,true]},"uagb_author_info":{"display_name":"assedel","author_link":"https:\/\/assedel.org\/fr\/author\/assedel\/"},"uagb_comment_info":0,"uagb_excerpt":"Heute.at https:\/\/www.heute.at\/s\/urteil-gegen-le-pen-damit-ist-karriere-fast-zu-ende-120100012","amp_enabled":true,"_links":{"self":[{"href":"https:\/\/assedel.org\/fr\/wp-json\/wp\/v2\/posts\/6722","targetHints":{"allow":["GET"]}}],"collection":[{"href":"https:\/\/assedel.org\/fr\/wp-json\/wp\/v2\/posts"}],"about":[{"href":"https:\/\/assedel.org\/fr\/wp-json\/wp\/v2\/types\/post"}],"author":[{"embeddable":true,"href":"https:\/\/assedel.org\/fr\/wp-json\/wp\/v2\/users\/1"}],"replies":[{"embeddable":true,"href":"https:\/\/assedel.org\/fr\/wp-json\/wp\/v2\/comments?post=6722"}],"version-history":[{"count":12,"href":"https:\/\/assedel.org\/fr\/wp-json\/wp\/v2\/posts\/6722\/revisions"}],"predecessor-version":[{"id":6744,"href":"https:\/\/assedel.org\/fr\/wp-json\/wp\/v2\/posts\/6722\/revisions\/6744"}],"wp:featuredmedia":[{"embeddable":true,"href":"https:\/\/assedel.org\/fr\/wp-json\/wp\/v2\/media\/6754"}],"wp:attachment":[{"href":"https:\/\/assedel.org\/fr\/wp-json\/wp\/v2\/media?parent=6722"}],"wp:term":[{"taxonomy":"category","embeddable":true,"href":"https:\/\/assedel.org\/fr\/wp-json\/wp\/v2\/categories?post=6722"},{"taxonomy":"post_tag","embeddable":true,"href":"https:\/\/assedel.org\/fr\/wp-json\/wp\/v2\/tags?post=6722"}],"curies":[{"name":"wp","href":"https:\/\/api.w.org\/{rel}","templated":true}]}}