
{"id":6606,"date":"2025-03-18T14:17:48","date_gmt":"2025-03-18T14:17:48","guid":{"rendered":"https:\/\/assedel.org\/?p=6606"},"modified":"2025-03-19T14:50:19","modified_gmt":"2025-03-19T14:50:19","slug":"digital-borders-the-impact-of-technology-on-migration-and-refugee-rights-in-europe","status":"publish","type":"post","link":"https:\/\/assedel.org\/fr\/digital-borders-the-impact-of-technology-on-migration-and-refugee-rights-in-europe\/","title":{"rendered":"Fronti\u00e8res num\u00e9riques: l'impact de la technologie sur la migration et les droits des r\u00e9fugi\u00e9s en Europe"},"content":{"rendered":"<p>Cet article explore le r\u00f4le croissant des technologies num\u00e9riques dans la gestion des migrations en Europe, en mettant l\u2019accent sur l\u2019intelligence artificielle (IA), la biom\u00e9trie et les syst\u00e8mes de surveillance. Ces outils sont de plus en plus utilis\u00e9s pour contr\u00f4ler les fronti\u00e8res, v\u00e9rifier les identit\u00e9s et traiter les demandes d\u2019asile, avec la promesse d\u2019une plus grande efficacit\u00e9 et s\u00e9curit\u00e9. Cependant, leur g\u00e9n\u00e9ralisation suscite des inqui\u00e9tudes majeures d\u2019un point de vue \u00e9thique et juridique. Des probl\u00e9matiques telles que la protection des donn\u00e9es personnelles, les biais algorithmiques et les risques de violations des droits fondamentaux alimentent les d\u00e9bats parmi les d\u00e9cideurs politiques, les organisations de d\u00e9fense des droits de l\u2019homme et la soci\u00e9t\u00e9 civile.<\/p>\n\n\n\n<p>The study highlights the pressing need for a balanced approach\u2014one that harnesses the benefits of digital innovation while safeguarding migrants\u2019 rights and ensuring that technology does not become a means of exclusion or discrimination. Transparency, legal safeguards, and independent oversight mechanisms are essential to prevent misuse and ensure compliance with international human rights standards.<\/p>\n\n\n\n<p>Alors que les politiques migratoires num\u00e9riques continuent d\u2019\u00e9voluer, cette r\u00e9flexion est primordiale pour garantir des strat\u00e9gies de contr\u00f4le des fronti\u00e8res justes et humaines. En favorisant un dialogue entre gouvernements, d\u00e9veloppeurs technologiques et d\u00e9fenseurs des droits, les d\u00e9cideurs politiques peuvent s\u2019assurer que la technologie soit utilis\u00e9e comme un outil de protection et non de r\u00e9pression.<\/p>\n\n\n\n<p>Pour lire le contenu complet du rapport de politique, veuillez cliquer <a href=\"https:\/\/assedel.org\/wp-content\/uploads\/2025\/03\/Digital-Borders-How-Technology-is-Reshaping-Migration-and-Refugee-Rights-in-Europe-3.pdf\" data-type=\"attachment\" data-id=\"6625\">ici<\/a>.<\/p>\n\n\n\n<p><\/p>","protected":false},"excerpt":{"rendered":"<p>This article delves into the growing role of digital technologies in migration management across Europe, focusing on artificial intelligence (AI), biometrics, and&#8230;<\/p>","protected":false},"author":1,"featured_media":6609,"comment_status":"closed","ping_status":"closed","sticky":false,"template":"","format":"standard","meta":{"give_campaign_id":0,"_uag_custom_page_level_css":"","footnotes":""},"categories":[28,96],"tags":[],"class_list":{"0":"post-6606","1":"post","2":"type-post","3":"status-publish","4":"format-standard","5":"has-post-thumbnail","7":"category-opinion-eng","8":"category-opinionfr"},"uagb_featured_image_src":{"full":["https:\/\/assedel.org\/wp-content\/uploads\/2025\/03\/2000x1013-18.png",2000,1013,false],"thumbnail":["https:\/\/assedel.org\/wp-content\/uploads\/2025\/03\/2000x1013-18-150x150.png",150,150,true],"medium":["https:\/\/assedel.org\/wp-content\/uploads\/2025\/03\/2000x1013-18-300x152.png",300,152,true],"medium_large":["https:\/\/assedel.org\/wp-content\/uploads\/2025\/03\/2000x1013-18-768x389.png",768,389,true],"large":["https:\/\/assedel.org\/wp-content\/uploads\/2025\/03\/2000x1013-18-1024x519.png",1024,519,true],"1536x1536":["https:\/\/assedel.org\/wp-content\/uploads\/2025\/03\/2000x1013-18-1536x778.png",1536,778,true],"2048x2048":["https:\/\/assedel.org\/wp-content\/uploads\/2025\/03\/2000x1013-18.png",2000,1013,false],"trp-custom-language-flag":["https:\/\/assedel.org\/wp-content\/uploads\/2025\/03\/2000x1013-18-18x9.png",18,9,true],"inhype-blog-thumb":["https:\/\/assedel.org\/wp-content\/uploads\/2025\/03\/2000x1013-18-1140x694.png",1140,694,true],"inhype-blog-thumb-grid":["https:\/\/assedel.org\/wp-content\/uploads\/2025\/03\/2000x1013-18-555x360.png",555,360,true],"inhype-blog-thumb-widget":["https:\/\/assedel.org\/wp-content\/uploads\/2025\/03\/2000x1013-18-220x180.png",220,180,true],"inhype-blog-thumb-masonry":["https:\/\/assedel.org\/wp-content\/uploads\/2025\/03\/2000x1013-18-360x182.png",360,182,true]},"uagb_author_info":{"display_name":"assedel","author_link":"https:\/\/assedel.org\/fr\/author\/assedel\/"},"uagb_comment_info":0,"uagb_excerpt":"This article delves into the growing role of digital technologies in migration management across Europe, focusing on artificial intelligence (AI), biometrics, and...","amp_enabled":true,"_links":{"self":[{"href":"https:\/\/assedel.org\/fr\/wp-json\/wp\/v2\/posts\/6606","targetHints":{"allow":["GET"]}}],"collection":[{"href":"https:\/\/assedel.org\/fr\/wp-json\/wp\/v2\/posts"}],"about":[{"href":"https:\/\/assedel.org\/fr\/wp-json\/wp\/v2\/types\/post"}],"author":[{"embeddable":true,"href":"https:\/\/assedel.org\/fr\/wp-json\/wp\/v2\/users\/1"}],"replies":[{"embeddable":true,"href":"https:\/\/assedel.org\/fr\/wp-json\/wp\/v2\/comments?post=6606"}],"version-history":[{"count":5,"href":"https:\/\/assedel.org\/fr\/wp-json\/wp\/v2\/posts\/6606\/revisions"}],"predecessor-version":[{"id":6627,"href":"https:\/\/assedel.org\/fr\/wp-json\/wp\/v2\/posts\/6606\/revisions\/6627"}],"wp:featuredmedia":[{"embeddable":true,"href":"https:\/\/assedel.org\/fr\/wp-json\/wp\/v2\/media\/6609"}],"wp:attachment":[{"href":"https:\/\/assedel.org\/fr\/wp-json\/wp\/v2\/media?parent=6606"}],"wp:term":[{"taxonomy":"category","embeddable":true,"href":"https:\/\/assedel.org\/fr\/wp-json\/wp\/v2\/categories?post=6606"},{"taxonomy":"post_tag","embeddable":true,"href":"https:\/\/assedel.org\/fr\/wp-json\/wp\/v2\/tags?post=6606"}],"curies":[{"name":"wp","href":"https:\/\/api.w.org\/{rel}","templated":true}]}}