
{"id":5816,"date":"2025-01-14T15:05:53","date_gmt":"2025-01-14T15:05:53","guid":{"rendered":"https:\/\/assedel.org\/?p=5816"},"modified":"2025-01-20T15:11:48","modified_gmt":"2025-01-20T15:11:48","slug":"assedel-submits-observations-to-the-council-of-europes-committee-of-ministers-under-rule-9-2","status":"publish","type":"post","link":"https:\/\/assedel.org\/fr\/assedel-submits-observations-to-the-council-of-europes-committee-of-ministers-under-rule-9-2\/","title":{"rendered":"ASSEDEL Submits Observations to the Council of Europe\u2019s Committee of Ministers Under Rule 9.2"},"content":{"rendered":"<p>Following the retrial of Mr. Yal\u00e7\u0131nkaya, the judgment of the Kayseri Second Assize Court reveals that the\u00a0Turkish judiciary is hesitant to enforce the Court\u00b4s\u00a0judgment.\u00a0<\/p>\n\n\n\n<p>Y\u00fcksel Yal\u00e7\u0131nkaya was working as a teacher before the 15 July 2016 coup attempt.\u00a0On account of\u00a0his suspected affiliation with the\u00a0G\u00fclen Movement,\u00a0he\u00a0was first dismissed from service by Legislative Decree no. 672,\u00a0and later, on the 6<sup>th<\/sup>\u00a0of October 2016, he was arrested. \u00a0<\/p>\n\n\n\n<p>The 2023 Grand Chamber judgment found violations of Article 6(1), Article 7, and Article 11 of the European Convention on Human Rights. The\u00a0judgment\u00a0indicated that claims by the Turkish state that alleged crimes committed by Mr. Yal\u00e7\u0131nkaya lacked legality and foreseeability, thus\u00a0constituting a\u00a0violation of Article 7 (<em>nullum<\/em><em>\u00a0<\/em><em>crimen<\/em><em>,\u00a0<\/em><em>nulla<\/em><em>\u00a0<\/em><em>poena<\/em><em>\u00a0sine\u00a0<\/em><em>lege<\/em>). The allegations against the applicant were based on his alleged online activity on the ByLock application, linking him directly to membership in an armed terrorist organization and involvement in the hierarchical structure of FET\u00d6\/PDY, claims which the applicant consistently denied, stating that he never downloaded the app.<\/p>\n\n\n\n<p>In addition, following the judgment, several\u00a0other\u00a0people were detained with similar claims over the alleged use of the ByLock application.\u00a0Even though the Court\u2019s\u00a0judgment\u00a0should have set a precedent for similar cases pending before domestic courts, the Turkish judiciary has been systemically refusing to\u00a0implement the judgment of the Court for\u00a0the criminal proceedings in similar cases to Mr. Yal\u00e7\u0131nkaya.<\/p>\n\n\n\n<p>The action plan submitted by T\u00fcrkiye aimed to portray the violations as non-systemic.\u00a0The Turkish judiciary must\u00a0have the remedies to effectively address individual measures in such cases.<\/p>\n\n\n\n<p>Pour lire le rapport complet, veuillez cliquer <a href=\"https:\/\/assedel.org\/wp-content\/uploads\/2025\/01\/Yalcinkaya-9.2.-Submission-by-ASSEDEL.pdf\">ici<\/a>.<\/p>\n\n\n\n<p><\/p>","protected":false},"excerpt":{"rendered":"<p>Following the retrial of Mr. Yal\u00e7\u0131nkaya, the judgment of the Kayseri Second Assize Court reveals that the\u00a0Turkish judiciary is hesitant to enforce&#8230;<\/p>","protected":false},"author":1,"featured_media":5853,"comment_status":"closed","ping_status":"closed","sticky":false,"template":"","format":"standard","meta":{"give_campaign_id":0,"_uag_custom_page_level_css":"","footnotes":""},"categories":[82,30,81,29],"tags":[],"class_list":{"0":"post-5816","1":"post","2":"type-post","3":"status-publish","4":"format-standard","5":"has-post-thumbnail","7":"category-conseil-de-leurope","8":"category-council-of-europe-eng","9":"category-soumissions","10":"category-submissions-eng"},"uagb_featured_image_src":{"full":["https:\/\/assedel.org\/wp-content\/uploads\/2025\/01\/website-cover.jpg",1366,768,false],"thumbnail":["https:\/\/assedel.org\/wp-content\/uploads\/2025\/01\/website-cover-150x150.jpg",150,150,true],"medium":["https:\/\/assedel.org\/wp-content\/uploads\/2025\/01\/website-cover-300x169.jpg",300,169,true],"medium_large":["https:\/\/assedel.org\/wp-content\/uploads\/2025\/01\/website-cover-768x432.jpg",768,432,true],"large":["https:\/\/assedel.org\/wp-content\/uploads\/2025\/01\/website-cover-1024x576.jpg",1024,576,true],"1536x1536":["https:\/\/assedel.org\/wp-content\/uploads\/2025\/01\/website-cover.jpg",1366,768,false],"2048x2048":["https:\/\/assedel.org\/wp-content\/uploads\/2025\/01\/website-cover.jpg",1366,768,false],"trp-custom-language-flag":["https:\/\/assedel.org\/wp-content\/uploads\/2025\/01\/website-cover-18x10.jpg",18,10,true],"inhype-blog-thumb":["https:\/\/assedel.org\/wp-content\/uploads\/2025\/01\/website-cover-1140x694.jpg",1140,694,true],"inhype-blog-thumb-grid":["https:\/\/assedel.org\/wp-content\/uploads\/2025\/01\/website-cover-555x360.jpg",555,360,true],"inhype-blog-thumb-widget":["https:\/\/assedel.org\/wp-content\/uploads\/2025\/01\/website-cover-220x180.jpg",220,180,true],"inhype-blog-thumb-masonry":["https:\/\/assedel.org\/wp-content\/uploads\/2025\/01\/website-cover-360x202.jpg",360,202,true]},"uagb_author_info":{"display_name":"assedel","author_link":"https:\/\/assedel.org\/fr\/author\/assedel\/"},"uagb_comment_info":0,"uagb_excerpt":"Following the retrial of Mr. Yal\u00e7\u0131nkaya, the judgment of the Kayseri Second Assize Court reveals that the\u00a0Turkish judiciary is hesitant to enforce...","amp_enabled":true,"_links":{"self":[{"href":"https:\/\/assedel.org\/fr\/wp-json\/wp\/v2\/posts\/5816","targetHints":{"allow":["GET"]}}],"collection":[{"href":"https:\/\/assedel.org\/fr\/wp-json\/wp\/v2\/posts"}],"about":[{"href":"https:\/\/assedel.org\/fr\/wp-json\/wp\/v2\/types\/post"}],"author":[{"embeddable":true,"href":"https:\/\/assedel.org\/fr\/wp-json\/wp\/v2\/users\/1"}],"replies":[{"embeddable":true,"href":"https:\/\/assedel.org\/fr\/wp-json\/wp\/v2\/comments?post=5816"}],"version-history":[{"count":2,"href":"https:\/\/assedel.org\/fr\/wp-json\/wp\/v2\/posts\/5816\/revisions"}],"predecessor-version":[{"id":5820,"href":"https:\/\/assedel.org\/fr\/wp-json\/wp\/v2\/posts\/5816\/revisions\/5820"}],"wp:featuredmedia":[{"embeddable":true,"href":"https:\/\/assedel.org\/fr\/wp-json\/wp\/v2\/media\/5853"}],"wp:attachment":[{"href":"https:\/\/assedel.org\/fr\/wp-json\/wp\/v2\/media?parent=5816"}],"wp:term":[{"taxonomy":"category","embeddable":true,"href":"https:\/\/assedel.org\/fr\/wp-json\/wp\/v2\/categories?post=5816"},{"taxonomy":"post_tag","embeddable":true,"href":"https:\/\/assedel.org\/fr\/wp-json\/wp\/v2\/tags?post=5816"}],"curies":[{"name":"wp","href":"https:\/\/api.w.org\/{rel}","templated":true}]}}