
{"id":5466,"date":"2024-09-27T14:40:47","date_gmt":"2024-09-27T14:40:47","guid":{"rendered":"https:\/\/assedel.org\/?p=5466"},"modified":"2025-09-04T09:11:27","modified_gmt":"2025-09-04T09:11:27","slug":"submission-of-assedel-for-the-un-universal-periodicreview-for-turkiye","status":"publish","type":"post","link":"https:\/\/assedel.org\/fr\/submission-of-assedel-for-the-un-universal-periodicreview-for-turkiye\/","title":{"rendered":"Soumission d\u2019ASSEDEL pour l\u2019Examen p\u00e9riodique universel de l\u2019ONU concernant la Turquie"},"content":{"rendered":"<p>L'ASSEDEL a soumis son rapport au Conseil des droits de l'homme des Nations Unies dans le cadre de l'Examen p\u00e9riodique universel de la Turquie. Dans ce rapport, l'ASSEDEL souligne l'\u00e9rosion alarmante de l'\u00c9tat de droit et de la d\u00e9mocratie en Turquie, en particulier \u00e0 la suite de la tentative de coup d'\u00c9tat de 2016. \u00c0 la suite de cet \u00e9v\u00e9nement, plus de 4 000 juges et procureurs ont \u00e9t\u00e9 limog\u00e9s, souvent sans proc\u00e9dure r\u00e9guli\u00e8re, ce qui a gravement sap\u00e9 l'ind\u00e9pendance de la justice. L'ASSEDEL note que ces licenciements \u00e9taient politiquement motiv\u00e9s, cr\u00e9ant un climat de peur parmi les juges restants, qui sont d\u00e9sormais r\u00e9ticents \u00e0 statuer \u00e0 l'encontre des int\u00e9r\u00eats du gouvernement, ce qui \u00e9rode davantage la confiance du public dans le pouvoir judiciaire.<\/p>\n\n\n\n<p>De plus, l'ASSEDEL signale que les amendements constitutionnels de 2017 ont conf\u00e9r\u00e9 un contr\u00f4le excessif du pouvoir ex\u00e9cutif sur le syst\u00e8me judiciaire. Le Conseil sup\u00e9rieur des juges et des procureurs (HSK), qui supervise la nomination et le licenciement des juges, est d\u00e9sormais en grande partie nomm\u00e9 par le Pr\u00e9sident et l'Assembl\u00e9e nationale, ce qui suscite de vives inqui\u00e9tudes quant \u00e0 la politisation du pouvoir judiciaire. Ce changement a compromis l'impartialit\u00e9 judiciaire, comme en t\u00e9moignent les cas de juges fid\u00e8les au gouvernement qui sont promus, tandis que les critiques sont licenci\u00e9s ou poursuivis.<\/p>\n\n\n\n<p>Le rapport souligne en outre le non-respect par la Turquie de ses obligations internationales en mati\u00e8re de droits de l'homme, en particulier des arr\u00eats de la Cour europ\u00e9enne des droits de l'homme (CEDH). Le rapport indique que de nombreuses affaires politiquement sensibles illustrent la subordination du pouvoir judiciaire \u00e0 l'ex\u00e9cutif, les tribunaux ne parvenant pas \u00e0 garantir l'\u00e9quit\u00e9 et l'impartialit\u00e9 de leurs d\u00e9cisions. L'ASSEDEL souligne que cette situation d\u00e9montre \u00e0 quel point le pouvoir judiciaire a \u00e9t\u00e9 compromis, en particulier dans les affaires impliquant des critiques du gouvernement ou des questions politiquement sensibles.\n\nL'ASSEDEL appelle \u00e0 des r\u00e9formes urgentes pour restaurer l'ind\u00e9pendance de la justice et garantir que la Turquie respecte les normes internationales.<\/p>\n\n\n\n<p>Pour lire l\u2019int\u00e9gralit\u00e9 de notre rapport, veuillez cliquer <a href=\"https:\/\/assedel.org\/wp-content\/uploads\/2024\/09\/UPR-Submission-on-the-Rule-of-law-and-Democracy-in-Turkiye.pdf\" data-type=\"link\" data-id=\"https:\/\/assedel.org\/wp-content\/uploads\/2024\/09\/UPR-Submission-on-the-Rule-of-law-and-Democracy-in-Turkiye.pdf\">ici<\/a>. <\/p>","protected":false},"excerpt":{"rendered":"<p>ASSEDEL submitted its report to the UN Human Rights Council in the frame of the Universal Periodic Review of T\u00fcrkiye .In this&#8230;<\/p>","protected":false},"author":1,"featured_media":5484,"comment_status":"closed","ping_status":"closed","sticky":false,"template":"","format":"standard","meta":{"give_campaign_id":0,"_uag_custom_page_level_css":"","footnotes":""},"categories":[83,81,29,32],"tags":[],"class_list":{"0":"post-5466","1":"post","2":"type-post","3":"status-publish","4":"format-standard","5":"has-post-thumbnail","7":"category-nations-unies","8":"category-soumissions","9":"category-submissions-eng","10":"category-united-nations-eng"},"uagb_featured_image_src":{"full":["https:\/\/assedel.org\/wp-content\/uploads\/2024\/09\/e.png",1366,768,false],"thumbnail":["https:\/\/assedel.org\/wp-content\/uploads\/2024\/09\/e-150x150.png",150,150,true],"medium":["https:\/\/assedel.org\/wp-content\/uploads\/2024\/09\/e-300x169.png",300,169,true],"medium_large":["https:\/\/assedel.org\/wp-content\/uploads\/2024\/09\/e-768x432.png",768,432,true],"large":["https:\/\/assedel.org\/wp-content\/uploads\/2024\/09\/e-1024x576.png",1024,576,true],"1536x1536":["https:\/\/assedel.org\/wp-content\/uploads\/2024\/09\/e.png",1366,768,false],"2048x2048":["https:\/\/assedel.org\/wp-content\/uploads\/2024\/09\/e.png",1366,768,false],"trp-custom-language-flag":["https:\/\/assedel.org\/wp-content\/uploads\/2024\/09\/e-18x10.png",18,10,true],"inhype-blog-thumb":["https:\/\/assedel.org\/wp-content\/uploads\/2024\/09\/e-1140x694.png",1140,694,true],"inhype-blog-thumb-grid":["https:\/\/assedel.org\/wp-content\/uploads\/2024\/09\/e-555x360.png",555,360,true],"inhype-blog-thumb-widget":["https:\/\/assedel.org\/wp-content\/uploads\/2024\/09\/e-220x180.png",220,180,true],"inhype-blog-thumb-masonry":["https:\/\/assedel.org\/wp-content\/uploads\/2024\/09\/e-360x202.png",360,202,true]},"uagb_author_info":{"display_name":"assedel","author_link":"https:\/\/assedel.org\/fr\/author\/assedel\/"},"uagb_comment_info":0,"uagb_excerpt":"ASSEDEL submitted its report to the UN Human Rights Council in the frame of the Universal Periodic Review of T\u00fcrkiye .In this...","amp_enabled":true,"_links":{"self":[{"href":"https:\/\/assedel.org\/fr\/wp-json\/wp\/v2\/posts\/5466","targetHints":{"allow":["GET"]}}],"collection":[{"href":"https:\/\/assedel.org\/fr\/wp-json\/wp\/v2\/posts"}],"about":[{"href":"https:\/\/assedel.org\/fr\/wp-json\/wp\/v2\/types\/post"}],"author":[{"embeddable":true,"href":"https:\/\/assedel.org\/fr\/wp-json\/wp\/v2\/users\/1"}],"replies":[{"embeddable":true,"href":"https:\/\/assedel.org\/fr\/wp-json\/wp\/v2\/comments?post=5466"}],"version-history":[{"count":2,"href":"https:\/\/assedel.org\/fr\/wp-json\/wp\/v2\/posts\/5466\/revisions"}],"predecessor-version":[{"id":5471,"href":"https:\/\/assedel.org\/fr\/wp-json\/wp\/v2\/posts\/5466\/revisions\/5471"}],"wp:featuredmedia":[{"embeddable":true,"href":"https:\/\/assedel.org\/fr\/wp-json\/wp\/v2\/media\/5484"}],"wp:attachment":[{"href":"https:\/\/assedel.org\/fr\/wp-json\/wp\/v2\/media?parent=5466"}],"wp:term":[{"taxonomy":"category","embeddable":true,"href":"https:\/\/assedel.org\/fr\/wp-json\/wp\/v2\/categories?post=5466"},{"taxonomy":"post_tag","embeddable":true,"href":"https:\/\/assedel.org\/fr\/wp-json\/wp\/v2\/tags?post=5466"}],"curies":[{"name":"wp","href":"https:\/\/api.w.org\/{rel}","templated":true}]}}