
{"id":4911,"date":"2024-07-06T15:11:45","date_gmt":"2024-07-06T15:11:45","guid":{"rendered":"https:\/\/assedel.org\/?p=4911"},"modified":"2025-09-04T09:35:48","modified_gmt":"2025-09-04T09:35:48","slug":"assedel-has-organized-a-webinar-dedicated-to-migration-due-to-climate-change-in-collaboration-with-accp-action-collective-contre-la-pauvrete","status":"publish","type":"post","link":"https:\/\/assedel.org\/fr\/assedel-has-organized-a-webinar-dedicated-to-migration-due-to-climate-change-in-collaboration-with-accp-action-collective-contre-la-pauvrete\/","title":{"rendered":"ASSEDEL a organis\u00e9 un webinaire intitul\u00e9 \u00ab la migration caus\u00e9e par le changement climatique \u00bb, en collaboration avec ACCP (Action Collective Contre la Pauvret\u00e9)."},"content":{"rendered":"<p>This webinar closely inspects the links between climate change and migration in Togo, Africa. The main topics of interest are defining climate migration \u2013 its causes and effects and pointing out the main pattern of environmental displacement. <\/p>\n\n\n\n<p>After a detailed analysis made by an expert and representative of ACCP, the webinar concludes with a Q&A session, which aims to inform the audience further on the importance of defining the status of climate refugees, the occurrence of ecological shocks due to climate change, the disproportionate suffering of people in less developed countries, effects of climate migration on the female population, the risk of climate gentrification, and the meaning of commitment to climate justice. <\/p>\n\n\n\n<p>Nous pouvons tout naturellement conclure que les communaut\u00e9s africaines ont besoins de compr\u00e9hension, de compassion, et d\u2019aide pour contribuer \u00e0 am\u00e9liorer la vie de nombreuses communaut\u00e9s locales. Des ONG d\u00e9vou\u00e9es, comme ACCP, doivent \u00eatre soutenues, pour qu\u2019elles puissent continuer \u00e0 faire des avanc\u00e9es positives au niveau local et international. <\/p>\n\n\n\n<p>Rejoignez-nous sur ce chemin de la compr\u00e9hension et du changement dans la vie de tant de victimes des risques climatiques.\u00a0<\/p>\n\n\n\n<p> <\/p>\n\n\n\n<figure class=\"wp-block-embed is-type-video is-provider-youtube wp-block-embed-youtube wp-embed-aspect-16-9 wp-has-aspect-ratio\"><div class=\"wp-block-embed__wrapper\">\n<div class=\"embed-container\"><iframe loading=\"lazy\" title=\"Climate Refugees: The Hidden Victims of Environmental Disasters\" width=\"1140\" height=\"641\" src=\"https:\/\/www.youtube.com\/embed\/49GCO5KUTbI?feature=oembed\" frameborder=\"0\" allow=\"accelerometer; autoplay; clipboard-write; encrypted-media; gyroscope; picture-in-picture; web-share\" referrerpolicy=\"strict-origin-when-cross-origin\" allowfullscreen><\/iframe><\/div>\n<\/div><\/figure>","protected":false},"excerpt":{"rendered":"<p>This webinar closely inspects the links between climate change and migration in Togo, Africa. The main topics of interest are defining climate&#8230;<\/p>","protected":false},"author":1,"featured_media":4909,"comment_status":"closed","ping_status":"closed","sticky":false,"template":"","format":"standard","meta":{"give_campaign_id":0,"_uag_custom_page_level_css":"","footnotes":""},"categories":[22,513],"tags":[],"class_list":{"0":"post-4911","1":"post","2":"type-post","3":"status-publish","4":"format-standard","5":"has-post-thumbnail","7":"category-news-eng","8":"category-video"},"uagb_featured_image_src":{"full":["https:\/\/assedel.org\/wp-content\/uploads\/2024\/07\/Copy-of-Lightbulbs-Save-Energy-Campaign-Poster.png",1200,675,false],"thumbnail":["https:\/\/assedel.org\/wp-content\/uploads\/2024\/07\/Copy-of-Lightbulbs-Save-Energy-Campaign-Poster-150x150.png",150,150,true],"medium":["https:\/\/assedel.org\/wp-content\/uploads\/2024\/07\/Copy-of-Lightbulbs-Save-Energy-Campaign-Poster-300x169.png",300,169,true],"medium_large":["https:\/\/assedel.org\/wp-content\/uploads\/2024\/07\/Copy-of-Lightbulbs-Save-Energy-Campaign-Poster-768x432.png",768,432,true],"large":["https:\/\/assedel.org\/wp-content\/uploads\/2024\/07\/Copy-of-Lightbulbs-Save-Energy-Campaign-Poster-1024x576.png",1024,576,true],"1536x1536":["https:\/\/assedel.org\/wp-content\/uploads\/2024\/07\/Copy-of-Lightbulbs-Save-Energy-Campaign-Poster.png",1200,675,false],"2048x2048":["https:\/\/assedel.org\/wp-content\/uploads\/2024\/07\/Copy-of-Lightbulbs-Save-Energy-Campaign-Poster.png",1200,675,false],"trp-custom-language-flag":["https:\/\/assedel.org\/wp-content\/uploads\/2024\/07\/Copy-of-Lightbulbs-Save-Energy-Campaign-Poster.png",18,10,false],"inhype-blog-thumb":["https:\/\/assedel.org\/wp-content\/uploads\/2024\/07\/Copy-of-Lightbulbs-Save-Energy-Campaign-Poster-1140x675.png",1140,675,true],"inhype-blog-thumb-grid":["https:\/\/assedel.org\/wp-content\/uploads\/2024\/07\/Copy-of-Lightbulbs-Save-Energy-Campaign-Poster-555x360.png",555,360,true],"inhype-blog-thumb-widget":["https:\/\/assedel.org\/wp-content\/uploads\/2024\/07\/Copy-of-Lightbulbs-Save-Energy-Campaign-Poster-220x180.png",220,180,true],"inhype-blog-thumb-masonry":["https:\/\/assedel.org\/wp-content\/uploads\/2024\/07\/Copy-of-Lightbulbs-Save-Energy-Campaign-Poster-360x203.png",360,203,true]},"uagb_author_info":{"display_name":"assedel","author_link":"https:\/\/assedel.org\/fr\/author\/assedel\/"},"uagb_comment_info":0,"uagb_excerpt":"This webinar closely inspects the links between climate change and migration in Togo, Africa. The main topics of interest are defining climate...","amp_enabled":true,"_links":{"self":[{"href":"https:\/\/assedel.org\/fr\/wp-json\/wp\/v2\/posts\/4911","targetHints":{"allow":["GET"]}}],"collection":[{"href":"https:\/\/assedel.org\/fr\/wp-json\/wp\/v2\/posts"}],"about":[{"href":"https:\/\/assedel.org\/fr\/wp-json\/wp\/v2\/types\/post"}],"author":[{"embeddable":true,"href":"https:\/\/assedel.org\/fr\/wp-json\/wp\/v2\/users\/1"}],"replies":[{"embeddable":true,"href":"https:\/\/assedel.org\/fr\/wp-json\/wp\/v2\/comments?post=4911"}],"version-history":[{"count":2,"href":"https:\/\/assedel.org\/fr\/wp-json\/wp\/v2\/posts\/4911\/revisions"}],"predecessor-version":[{"id":4915,"href":"https:\/\/assedel.org\/fr\/wp-json\/wp\/v2\/posts\/4911\/revisions\/4915"}],"wp:featuredmedia":[{"embeddable":true,"href":"https:\/\/assedel.org\/fr\/wp-json\/wp\/v2\/media\/4909"}],"wp:attachment":[{"href":"https:\/\/assedel.org\/fr\/wp-json\/wp\/v2\/media?parent=4911"}],"wp:term":[{"taxonomy":"category","embeddable":true,"href":"https:\/\/assedel.org\/fr\/wp-json\/wp\/v2\/categories?post=4911"},{"taxonomy":"post_tag","embeddable":true,"href":"https:\/\/assedel.org\/fr\/wp-json\/wp\/v2\/tags?post=4911"}],"curies":[{"name":"wp","href":"https:\/\/api.w.org\/{rel}","templated":true}]}}