
{"id":4742,"date":"2024-05-17T11:09:27","date_gmt":"2024-05-17T11:09:27","guid":{"rendered":"https:\/\/assedel.org\/?p=4742"},"modified":"2024-06-12T10:01:33","modified_gmt":"2024-06-12T10:01:33","slug":"assedel-submits-its-observations-to-the-committee-of-ministers-of-the-council-of-europe","status":"publish","type":"post","link":"https:\/\/assedel.org\/fr\/assedel-submits-its-observations-to-the-committee-of-ministers-of-the-council-of-europe\/","title":{"rendered":"ASSEDEL communique ses observations au Comit\u00e9 de ministres du Conseil de l\u2019Europe"},"content":{"rendered":"<p>ASSEDEL a communiqu\u00e9 ses observations dans le cadre de l\u2019arr\u00eat historique Yuksel YALCINKAYA c. Turquie de grande chambre de la Cour europ\u00e9enne des Droits de l\u2019Homme.<\/p>\n\n\n\n<p>Intended for the Council of Europe\u2019s Committee of Ministers, which is responsible for supervising the execution of the Court\u2019s judgments, our observations cover not only the execution of the individual measures ordered, but also general measures concerning the abuse of anti-terrorist legislation by the Turkish courts.<\/p>\n\n\n\n<p>This judgment is one of a series of cases \u2013 2,000 so far \u2013 against Turkey for violation of Article 7 of the Convention, which member states are very rarely found to have breached.<\/p>\n\n\n\n<p>ASSEDEL avec un \u00e9tat des lieux concernant l\u2019ex\u00e9cution de cet arr\u00eat par les juridictions \u00e0 travers la Turquie contribue \u00e0 la promotion l\u2019\u00e9tat de droit.<\/p>\n\n\n\n<p>Pour nos observations veuillez cliquez <strong><em><a href=\"https:\/\/assedel.org\/wp-content\/uploads\/2024\/05\/Rule-9.2-Submission-from-ASSEDEL-in-the-Case-of-Yuksel-Yalcinkaya-v.-Turkiye-GC-15669_20.pdf\" target=\"_blank\" rel=\"noreferrer noopener\">ici.<\/a><\/em><\/strong><\/p>\n\n\n\n<p>Le rapport a \u00e9t\u00e9 publi\u00e9 sur le site du Secr\u00e9tariat du Comit\u00e9 des Ministres du Conseil de l\u2019Europe peu de temps apr\u00e8s sa soumission et est disponible <strong><em><a href=\"https:\/\/hudoc.exec.coe.int\/eng?i=DH-DD(2024)583E\">ici.<\/a><\/em><\/strong><\/p>","protected":false},"excerpt":{"rendered":"<p>ASSEDEL has submitted its observations in connection with the landmark Yuksel YALCINKAYA v. Turkey Grand Chamber judgment of the European Court of&#8230;<\/p>","protected":false},"author":1,"featured_media":4740,"comment_status":"closed","ping_status":"closed","sticky":false,"template":"","format":"standard","meta":{"give_campaign_id":0,"_uag_custom_page_level_css":"","footnotes":""},"categories":[30,29],"tags":[],"class_list":{"0":"post-4742","1":"post","2":"type-post","3":"status-publish","4":"format-standard","5":"has-post-thumbnail","7":"category-council-of-europe-eng","8":"category-submissions-eng"},"uagb_featured_image_src":{"full":["https:\/\/assedel.org\/wp-content\/uploads\/2024\/05\/submission1.png",1920,1080,false],"thumbnail":["https:\/\/assedel.org\/wp-content\/uploads\/2024\/05\/submission1-150x150.png",150,150,true],"medium":["https:\/\/assedel.org\/wp-content\/uploads\/2024\/05\/submission1-300x169.png",300,169,true],"medium_large":["https:\/\/assedel.org\/wp-content\/uploads\/2024\/05\/submission1-768x432.png",768,432,true],"large":["https:\/\/assedel.org\/wp-content\/uploads\/2024\/05\/submission1-1024x576.png",1024,576,true],"1536x1536":["https:\/\/assedel.org\/wp-content\/uploads\/2024\/05\/submission1-1536x864.png",1536,864,true],"2048x2048":["https:\/\/assedel.org\/wp-content\/uploads\/2024\/05\/submission1.png",1920,1080,false],"trp-custom-language-flag":["https:\/\/assedel.org\/wp-content\/uploads\/2024\/05\/submission1.png",18,10,false],"inhype-blog-thumb":["https:\/\/assedel.org\/wp-content\/uploads\/2024\/05\/submission1-1140x694.png",1140,694,true],"inhype-blog-thumb-grid":["https:\/\/assedel.org\/wp-content\/uploads\/2024\/05\/submission1-555x360.png",555,360,true],"inhype-blog-thumb-widget":["https:\/\/assedel.org\/wp-content\/uploads\/2024\/05\/submission1-220x180.png",220,180,true],"inhype-blog-thumb-masonry":["https:\/\/assedel.org\/wp-content\/uploads\/2024\/05\/submission1-360x203.png",360,203,true]},"uagb_author_info":{"display_name":"assedel","author_link":"https:\/\/assedel.org\/fr\/author\/assedel\/"},"uagb_comment_info":0,"uagb_excerpt":"ASSEDEL has submitted its observations in connection with the landmark Yuksel YALCINKAYA v. Turkey Grand Chamber judgment of the European Court of...","amp_enabled":true,"_links":{"self":[{"href":"https:\/\/assedel.org\/fr\/wp-json\/wp\/v2\/posts\/4742","targetHints":{"allow":["GET"]}}],"collection":[{"href":"https:\/\/assedel.org\/fr\/wp-json\/wp\/v2\/posts"}],"about":[{"href":"https:\/\/assedel.org\/fr\/wp-json\/wp\/v2\/types\/post"}],"author":[{"embeddable":true,"href":"https:\/\/assedel.org\/fr\/wp-json\/wp\/v2\/users\/1"}],"replies":[{"embeddable":true,"href":"https:\/\/assedel.org\/fr\/wp-json\/wp\/v2\/comments?post=4742"}],"version-history":[{"count":3,"href":"https:\/\/assedel.org\/fr\/wp-json\/wp\/v2\/posts\/4742\/revisions"}],"predecessor-version":[{"id":4842,"href":"https:\/\/assedel.org\/fr\/wp-json\/wp\/v2\/posts\/4742\/revisions\/4842"}],"wp:featuredmedia":[{"embeddable":true,"href":"https:\/\/assedel.org\/fr\/wp-json\/wp\/v2\/media\/4740"}],"wp:attachment":[{"href":"https:\/\/assedel.org\/fr\/wp-json\/wp\/v2\/media?parent=4742"}],"wp:term":[{"taxonomy":"category","embeddable":true,"href":"https:\/\/assedel.org\/fr\/wp-json\/wp\/v2\/categories?post=4742"},{"taxonomy":"post_tag","embeddable":true,"href":"https:\/\/assedel.org\/fr\/wp-json\/wp\/v2\/tags?post=4742"}],"curies":[{"name":"wp","href":"https:\/\/api.w.org\/{rel}","templated":true}]}}