
{"id":4645,"date":"2024-04-08T03:10:11","date_gmt":"2024-04-08T03:10:11","guid":{"rendered":"https:\/\/assedel.org\/?p=4645"},"modified":"2025-01-14T19:36:39","modified_gmt":"2025-01-14T19:36:39","slug":"artificial-intelligence-racial-discrimination","status":"publish","type":"post","link":"https:\/\/assedel.org\/fr\/artificial-intelligence-racial-discrimination\/","title":{"rendered":"Intelligence artificielle &amp; discrimination raciale"},"content":{"rendered":"<p>C\u2019est dans le cadre de la pr\u00e9paration d\u2019un rapport sur l\u2019intelligence artificielle et la\ndiscrimination raciale qu\u2019elle peut engendrer, que la rapporteuse sp\u00e9ciale sur les formes\ncontemporaines de racisme, de discrimination raciale et de x\u00e9nophobie appelle la soci\u00e9t\u00e9 civile \u00e0 fournir ses observations.\n\nL\u2019ASSEDEL a r\u00e9pondu \u00e0 cet appel en soumettant le pr\u00e9sent rapport.<br><br>L\u2019ASSEDEL d\u00e9montre que l\u2019utilisation d\u2019outils d\u2019intelligence artificielle peut entra\u00eener des\npratiques discriminatoires, particuli\u00e8rement envers les personnes racis\u00e9es. L\u2019ASSEDEL a d\u00e9cid\u00e9 de baser son \u00e9tude sur l\u2019analyse du cadre juridique europ\u00e9en actuel r\u00e9gissant l\u2019utilisation des algorithmes.<br><br>After detailing the current state of the legal framework, the report focuses on the shortcomings of the latter, particularly in its interpretation of the principles of transparency and explicability. The report discusses the concept of \u201cblack boxes\u201d and highlights the discriminatory practices that<br>leurs utilisations.<br><br>Finally, the report looks at the alarming consequences of these practices for the respect and realization of various human rights, such as the right to health or the right to freedom of movement. ASSEDEL ends the report with a brief conclusion, setting out the association\u2019s recommendations for promoting and guaranteeing a fairer realization of human rights in the<br>cadre de l\u2019utilisation de l\u2019intelligence artificielle.<br><br>Le rapport s\u2019appuie sur les sources l\u00e9gales fournies par les institutions concern\u00e9es (Conseil de\nl\u2019Europe, Parlement Europ\u00e9en etc), sur des \u00e9tudes men\u00e9es par les organismes europ\u00e9ens de\npromotion de l\u2019\u00e9galit\u00e9 mais aussi sur des articles de presse relatant des pratiques discriminatoires ou encore sur des enqu\u00eates men\u00e9es par diverses ONG ou m\u00e9dias telles qu\u2019Amnesty International ou Mediapart.<br><br>Pour lire le rapport complet, veuillez cliquer <strong><em><a href=\"https:\/\/assedel.org\/wp-content\/uploads\/2024\/04\/IA-and-racial-discrimination-Input-ASSEDEL-FR.pdf\" target=\"_blank\" rel=\"noreferrer noopener\">ici.<\/a><\/em><\/strong><\/p>","protected":false},"excerpt":{"rendered":"<p>The Special Rapporteur on Contemporary Forms of Racism, Racial Discrimination and Xenophobia has called on civil society to submit its observations in&#8230;<\/p>","protected":false},"author":1,"featured_media":4647,"comment_status":"closed","ping_status":"closed","sticky":false,"template":"","format":"standard","meta":{"give_campaign_id":0,"_uag_custom_page_level_css":"","footnotes":""},"categories":[29,32],"tags":[],"class_list":{"0":"post-4645","1":"post","2":"type-post","3":"status-publish","4":"format-standard","5":"has-post-thumbnail","7":"category-submissions-eng","8":"category-united-nations-eng"},"uagb_featured_image_src":{"full":["https:\/\/assedel.org\/wp-content\/uploads\/2024\/04\/Untitled-design3.png",1200,675,false],"thumbnail":["https:\/\/assedel.org\/wp-content\/uploads\/2024\/04\/Untitled-design3-150x150.png",150,150,true],"medium":["https:\/\/assedel.org\/wp-content\/uploads\/2024\/04\/Untitled-design3-300x169.png",300,169,true],"medium_large":["https:\/\/assedel.org\/wp-content\/uploads\/2024\/04\/Untitled-design3-768x432.png",768,432,true],"large":["https:\/\/assedel.org\/wp-content\/uploads\/2024\/04\/Untitled-design3-1024x576.png",1024,576,true],"1536x1536":["https:\/\/assedel.org\/wp-content\/uploads\/2024\/04\/Untitled-design3.png",1200,675,false],"2048x2048":["https:\/\/assedel.org\/wp-content\/uploads\/2024\/04\/Untitled-design3.png",1200,675,false],"trp-custom-language-flag":["https:\/\/assedel.org\/wp-content\/uploads\/2024\/04\/Untitled-design3.png",18,10,false],"inhype-blog-thumb":["https:\/\/assedel.org\/wp-content\/uploads\/2024\/04\/Untitled-design3-1140x675.png",1140,675,true],"inhype-blog-thumb-grid":["https:\/\/assedel.org\/wp-content\/uploads\/2024\/04\/Untitled-design3-555x360.png",555,360,true],"inhype-blog-thumb-widget":["https:\/\/assedel.org\/wp-content\/uploads\/2024\/04\/Untitled-design3-220x180.png",220,180,true],"inhype-blog-thumb-masonry":["https:\/\/assedel.org\/wp-content\/uploads\/2024\/04\/Untitled-design3-360x203.png",360,203,true]},"uagb_author_info":{"display_name":"assedel","author_link":"https:\/\/assedel.org\/fr\/author\/assedel\/"},"uagb_comment_info":0,"uagb_excerpt":"The Special Rapporteur on Contemporary Forms of Racism, Racial Discrimination and Xenophobia has called on civil society to submit its observations in...","amp_enabled":true,"_links":{"self":[{"href":"https:\/\/assedel.org\/fr\/wp-json\/wp\/v2\/posts\/4645","targetHints":{"allow":["GET"]}}],"collection":[{"href":"https:\/\/assedel.org\/fr\/wp-json\/wp\/v2\/posts"}],"about":[{"href":"https:\/\/assedel.org\/fr\/wp-json\/wp\/v2\/types\/post"}],"author":[{"embeddable":true,"href":"https:\/\/assedel.org\/fr\/wp-json\/wp\/v2\/users\/1"}],"replies":[{"embeddable":true,"href":"https:\/\/assedel.org\/fr\/wp-json\/wp\/v2\/comments?post=4645"}],"version-history":[{"count":2,"href":"https:\/\/assedel.org\/fr\/wp-json\/wp\/v2\/posts\/4645\/revisions"}],"predecessor-version":[{"id":5824,"href":"https:\/\/assedel.org\/fr\/wp-json\/wp\/v2\/posts\/4645\/revisions\/5824"}],"wp:featuredmedia":[{"embeddable":true,"href":"https:\/\/assedel.org\/fr\/wp-json\/wp\/v2\/media\/4647"}],"wp:attachment":[{"href":"https:\/\/assedel.org\/fr\/wp-json\/wp\/v2\/media?parent=4645"}],"wp:term":[{"taxonomy":"category","embeddable":true,"href":"https:\/\/assedel.org\/fr\/wp-json\/wp\/v2\/categories?post=4645"},{"taxonomy":"post_tag","embeddable":true,"href":"https:\/\/assedel.org\/fr\/wp-json\/wp\/v2\/tags?post=4645"}],"curies":[{"name":"wp","href":"https:\/\/api.w.org\/{rel}","templated":true}]}}