
{"id":4294,"date":"2024-03-07T13:14:46","date_gmt":"2024-03-07T13:14:46","guid":{"rendered":"https:\/\/assedel.org\/?p=4294"},"modified":"2025-09-04T09:18:16","modified_gmt":"2025-09-04T09:18:16","slug":"state-of-press-freedom-in-europe-launch-of-the-annual-report-of-the-safety-of-journalists-platform","status":"publish","type":"post","link":"https:\/\/assedel.org\/fr\/state-of-press-freedom-in-europe-launch-of-the-annual-report-of-the-safety-of-journalists-platform\/","title":{"rendered":"\u00c9tat de la libert\u00e9 de la presse en Europe : lancement du rapport annuel de la Plateforme pour la S\u00e9curit\u00e9 des Journalistes"},"content":{"rendered":"<p>The launch of the annual report \u201cPress Freedom in Europe\u201d by the Safety of Journalists Platform, serves as a critical juncture for assessing the state of press freedom across the European continent. The report meticulously examines the multifaceted challenges undermining journalistic integrity, ranging from overt threats and intimidation tactics to insidious legal manoeuvres and systemic media capture.<\/p>\n\n\n\n<p>Dans le contexte des bouleversements g\u00e9opolitiques, tels que le conflit en cours en Ukraine et l'escalade de la violence contre les journalistes \u00e0 Gaza, l'imp\u00e9ratif de sauvegarder la libert\u00e9 de la presse n'a jamais \u00e9t\u00e9 aussi urgent. Le rapport porte un regard perspicace sur les diff\u00e9rentes manifestations des violations de la libert\u00e9 de la presse, notamment les pratiques de surveillance, l'\u00e9rosion de la protection des sources, les strat\u00e9gies de capture m\u00e9diatique et l'utilisation pernicieuse des actions en justice strat\u00e9giques contre la participation publique (SLAPP). \u00c0 travers des discussions de panel incisives, les experts se penchent sur ces probl\u00e8mes pressants, \u00e9lucidant les dynamiques complexes en jeu et proposant des solutions pragmatiques pour renforcer les libert\u00e9s journalistiques.<\/p>\n\n\n\n<p>Les t\u00e9moignages personnels de journalistes comme Szabolcs Panyi et Arianne Lavrilleux apportent une dimension humaine \u00e0 la discussion, mettant en lumi\u00e8re les menaces tangibles auxquelles sont confront\u00e9s ceux qui sont en premi\u00e8re ligne du journalisme d'investigation. Des op\u00e9rations de surveillance clandestines aux mesures juridiques coercitives, leurs exp\u00e9riences soulignent la nature omnipr\u00e9sente des d\u00e9fis auxquels sont confront\u00e9s les d\u00e9fenseurs de la libert\u00e9 de la presse \u00e0 travers l'Europe.<\/p>\n\n\n\n<p>The ensuing dialogue underscores the imperative for concerted action to confront these threats head-on. Recommendations put forth in the report include imposing a moratorium on the export and use of intrusive surveillance technologies, enacting robust legislation to safeguard journalists\u2019 sources, and bolstering the implementation of the European Media Freedom Act to counteract media capture and ensure editorial independence. While there are glimmers of progress, the road ahead remains fraught with challenges.<\/p>\n\n\n\n<p>Pour d\u00e9fendre les principes fondamentaux de la libert\u00e9 de la presse et de la gouvernance d\u00e9mocratique, un plaidoyer soutenu, une solidarit\u00e9 internationale et un engagement ind\u00e9fectible des gouvernements et des acteurs de la soci\u00e9t\u00e9 civile sont imp\u00e9ratifs. Le lancement de ce rapport sert de cri d'alarme, exhortant les parties prenantes \u00e0 redoubler d'efforts en faveur de la libert\u00e9 de la presse et du r\u00f4le vital du journalisme dans la d\u00e9fense des valeurs d\u00e9mocratiques en Europe et au-del\u00e0.<\/p>\n\n\n\n<p>The journalist Tasos Telloglou provides insight into Greece\u2019s situation, where institutional weaknesses often result in the arbitrary application of rules, especially concerning the surveillance of journalists. This sets the stage for a broader discussion on the state of media freedom across the continent.<\/p>\n\n\n\n<p>La conversation s'\u00e9tend pour englober la Hongrie, un pays aux prises avec la capture des m\u00e9dias et des pratiques de surveillance g\u00e9n\u00e9ralis\u00e9es. Szabolcs Panyi, journaliste d'investigation hongrois, partage ses exp\u00e9riences de travail sous surveillance, en soulignant l'importance cruciale des m\u00e9thodes de communication s\u00e9curis\u00e9es et \u00e0 quel point la situation est critique dans un contexte o\u00f9 toute enqu\u00eate concernant les personnes au pouvoir est entrav\u00e9e.<\/p>\n\n\n\n<p>The discussion also touches upon the prevalence of spyware technologies, including notorious examples like Pegasus and lesser-known tools such as Hermes. The revelation of these surveillance mechanisms raises concerns about privacy violations and government overreach. Panyi\u2019s insights underscore the need for journalists to remain vigilant and adaptable in the face of evolving surveillance tactics.<\/p>\n\n\n\n<p>An additional layer to the conversation is introduced through the role of technology companies. While these companies play a pivotal role in uncovering misuse of their products, questions arise about their level of cooperation with governments. Telloglou draws attention to Greece\u2019s experience, where tech companies\u2019 cooperation in revealing misuse of spyware sheds light on the extent of government surveillance practices.<\/p>\n\n\n\n<p>Oliver Money-Kyrle provides insights from Turkey, where progress has been made in reducing journalist imprisonments. However, he highlights ongoing challenges, particularly concerning working conditions and government interference. The discussion underscores the importance of addressing systemic issues and protecting journalists\u2019 rights across the region.<\/p>\n\n\n\n<p>A significant portion of the conversation revolves around Strategic Lawsuits Against Public Participation (SLAPP), a tactic used to intimidate journalists and stifle investigative reporting. Flutura Kusari, legal advisor at the European Centre for Press and Media Freedom, provides a comprehensive overview of SLAPP cases across Europe, pointing out the alarming trend of baseless lawsuits filed against journalists and media outlets. The recent approval of the EU\u2019s Anti-SLAPP Directive is lauded as a positive step towards safeguarding press freedom and protecting journalists from legal harassment.<\/p>\n\n\n\n<p>Jessica Ni Mhainin offers insights into the situation in the UK, which has been dubbed the \u201cSLAPP capital of Europe.\u201d Despite recent legislative efforts to address SLAPP cases, challenges remain in ensuring comprehensive protection for journalists and media organizations. Ni Mhainin emphasizes the need for robust anti-SLAPP measures and proactive government intervention to combat legal harassment in the media sector.<\/p>\n\n\n\n<p>La discussion se poursuit en mettant l'accent sur le soutien \u00e0 apporter aux journalistes en exil et sur la n\u00e9cessit\u00e9 de d\u00e9fendre leurs droits et leur s\u00e9curit\u00e9. La directrice de la Fondation Justice pour les journalistes, Maria Ordzhonikidze, a soulign\u00e9 les implications profondes de la guerre en Ukraine sur la libert\u00e9 de la presse et la n\u00e9cessit\u00e9 urgente de solidarit\u00e9 et de soutien internationaux. Son intervention a explor\u00e9 les r\u00e9alit\u00e9s sombres auxquelles sont confront\u00e9s les journalistes du monde entier, en particulier ceux contraints \u00e0 l'exil en raison de la pers\u00e9cution dans leur pays d'origine.<\/p>\n\n\n\n<p>Elle a commenc\u00e9 en soulignant la tendance inqui\u00e9tante des nations en apparence d\u00e9mocratiques \u00e0 maltraiter les journalistes, en insistant sur le fait que la s\u00e9curit\u00e9 per\u00e7ue de l'Europe pour les journalistes ind\u00e9pendants et les militants politiques n'est pas toujours garantie. Les raisons pour lesquelles les journalistes fuient leur pays, a-t-elle expliqu\u00e9, tournent souvent autour de trois menaces principales : le danger physique pour leur vie, la pers\u00e9cution l\u00e9gale et diverses formes de harc\u00e8lement, y compris les cyber-attaques.<\/p>\n\n\n\n<p>Ordzhonikidze a cit\u00e9 plusieurs exemples pour souligner son point de vue. En 2021, un nombre important de journalistes afghans ont fui leur pays \u00e0 la suite de l'invasion des talibans, cherchant refuge en Europe et aux \u00c9tats-Unis. De m\u00eame, plus de 200 dissidents politiques nicaraguayens, dont des travailleurs des m\u00e9dias, ont vu leur citoyennet\u00e9 r\u00e9voqu\u00e9e en f\u00e9vrier 2023 sous pr\u00e9texte de diffusion de fausses nouvelles. La situation en Turquie reste grave, les journalistes cherchant refuge dans des pays europ\u00e9ens, notamment en Allemagne, en raison de la pers\u00e9cution continue sous un gouvernement autocratique.<\/p>\n\n\n\n<p>Elle a \u00e9galement soulign\u00e9 la situation difficile des journalistes bi\u00e9lorusses, contraints \u00e0 l'immigration forc\u00e9e \u00e0 la suite des manifestations contre les \u00e9lections pr\u00e9sidentielles truqu\u00e9es en 2020. M\u00eame en exil, ils continuent de subir des menaces de la part du r\u00e9gime, avec des mesures telles que l'interdiction pour les citoyens de renouveler leurs passeports \u00e0 l'ext\u00e9rieur du pays.<\/p>\n\n\n\n<p>De plus, cette tendance alarmante s'\u00e9tend \u00e0 la Russie, o\u00f9 plus d'un millier de journalistes ont \u00e9t\u00e9 contraints de partir, cherchant refuge dans divers pays europ\u00e9ens. Le gouvernement russe a emprisonn\u00e9 au moins 33 travailleurs des m\u00e9dias, et 14 journalistes suppl\u00e9mentaires ont \u00e9t\u00e9 captur\u00e9s en Crim\u00e9e occup\u00e9e et emprisonn\u00e9s dans des camps russes, attirant l'attention sur les conditions de torture pr\u00e9valant dans ces \u00e9tablissements.<\/p>\n\n\n\n<p>Cependant, les d\u00e9fis auxquels sont confront\u00e9s les journalistes exil\u00e9s ne se limitent pas \u00e0 leur relocalisation physique. M\u00eame en Europe, ils rencontrent des risques allant des attaques physiques \u00e0 la surveillance et \u00e0 l'intimidation. Ordzhonikidze a soulign\u00e9 deux incidents particuli\u00e8rement pr\u00e9occupants de suspicions d'empoisonnement visant des journalistes russes, Elena Kostyuchenko et Irina Babloyan, qui continuent de subir des menaces et du harc\u00e8lement dans leurs nouveaux pays d'accueil.<\/p>\n\n\n\n<p>Following Ordzhonikidze\u2019s remarks, Irina Dolinina, a journalist from iStories, shared her firsthand experiences working under pressure in Russia, where independent reporting on corruption and human rights abuses led to surveillance, harassment, and legal persecution. Despite being forced into exile, Dolinina highlighted the persistent threats and surveillance faced by journalists, even in supposedly safe European countries like the Czech Republic. She recounted receiving threats, including the disclosure of her personal address, which exacerbated concerns for her safety and that of her colleagues.<\/p>\n\n\n\n<p>Pour faire face aux solutions potentielles \u00e0 la crise des journalistes, William Horsley de l'Association des journalistes europ\u00e9ens a pr\u00e9sent\u00e9 la campagne \"Les journalistes comptent\", visant \u00e0 d\u00e9fendre la libert\u00e9 de la presse et \u00e0 relever les d\u00e9fis auxquels sont confront\u00e9s les journalistes \u00e0 travers l'Europe. Il a soulign\u00e9 l'importance de mettre en \u0153uvre des cadres juridiques, de poursuivre les attaques contre les journalistes et de sensibiliser le public.<\/p>\n\n\n\n<p>Malgr\u00e9 les efforts des initiatives comme la campagne \"Les journalistes comptent\", les d\u00e9fis restent redoutables. La session a soulign\u00e9 le besoin urgent d'une action collective et d'une volont\u00e9 politique pour prot\u00e9ger les journalistes et garantir la libert\u00e9 de la presse, non seulement en Europe mais dans le monde entier. Des mesures concr\u00e8tes, telles que la surveillance, le soutien aux journalistes exil\u00e9s et la responsabilisation des auteurs d'attaques contre les journalistes, sont des \u00e9tapes essentielles vers la garantie de la s\u00e9curit\u00e9 et de la libert\u00e9 des journalistes dans le monde entier.<\/p>","protected":false},"excerpt":{"rendered":"<p>The launch of the annual report \u201cPress Freedom in Europe\u201d by the Safety of Journalists Platform, serves as a critical juncture for&#8230;<\/p>","protected":false},"author":1,"featured_media":4424,"comment_status":"open","ping_status":"open","sticky":false,"template":"","format":"standard","meta":{"give_campaign_id":0,"_uag_custom_page_level_css":"","footnotes":""},"categories":[92,22],"tags":[],"class_list":{"0":"post-4294","1":"post","2":"type-post","3":"status-publish","4":"format-standard","5":"has-post-thumbnail","7":"category-actualites-fr","8":"category-news-eng"},"uagb_featured_image_src":{"full":["https:\/\/assedel.org\/wp-content\/uploads\/2024\/03\/Untitled-design1-1-1140x675-1.png",1140,675,false],"thumbnail":["https:\/\/assedel.org\/wp-content\/uploads\/2024\/03\/Untitled-design1-1-1140x675-1-150x150.png",150,150,true],"medium":["https:\/\/assedel.org\/wp-content\/uploads\/2024\/03\/Untitled-design1-1-1140x675-1-300x178.png",300,178,true],"medium_large":["https:\/\/assedel.org\/wp-content\/uploads\/2024\/03\/Untitled-design1-1-1140x675-1-768x455.png",768,455,true],"large":["https:\/\/assedel.org\/wp-content\/uploads\/2024\/03\/Untitled-design1-1-1140x675-1-1024x606.png",1024,606,true],"1536x1536":["https:\/\/assedel.org\/wp-content\/uploads\/2024\/03\/Untitled-design1-1-1140x675-1.png",1140,675,false],"2048x2048":["https:\/\/assedel.org\/wp-content\/uploads\/2024\/03\/Untitled-design1-1-1140x675-1.png",1140,675,false],"trp-custom-language-flag":["https:\/\/assedel.org\/wp-content\/uploads\/2024\/03\/Untitled-design1-1-1140x675-1.png",18,12,false],"inhype-blog-thumb":["https:\/\/assedel.org\/wp-content\/uploads\/2024\/03\/Untitled-design1-1-1140x675-1.png",1140,675,false],"inhype-blog-thumb-grid":["https:\/\/assedel.org\/wp-content\/uploads\/2024\/03\/Untitled-design1-1-1140x675-1-555x360.png",555,360,true],"inhype-blog-thumb-widget":["https:\/\/assedel.org\/wp-content\/uploads\/2024\/03\/Untitled-design1-1-1140x675-1-220x180.png",220,180,true],"inhype-blog-thumb-masonry":["https:\/\/assedel.org\/wp-content\/uploads\/2024\/03\/Untitled-design1-1-1140x675-1-360x213.png",360,213,true]},"uagb_author_info":{"display_name":"assedel","author_link":"https:\/\/assedel.org\/fr\/author\/assedel\/"},"uagb_comment_info":2,"uagb_excerpt":"The launch of the annual report \u201cPress Freedom in Europe\u201d by the Safety of Journalists Platform, serves as a critical juncture for...","amp_enabled":true,"_links":{"self":[{"href":"https:\/\/assedel.org\/fr\/wp-json\/wp\/v2\/posts\/4294","targetHints":{"allow":["GET"]}}],"collection":[{"href":"https:\/\/assedel.org\/fr\/wp-json\/wp\/v2\/posts"}],"about":[{"href":"https:\/\/assedel.org\/fr\/wp-json\/wp\/v2\/types\/post"}],"author":[{"embeddable":true,"href":"https:\/\/assedel.org\/fr\/wp-json\/wp\/v2\/users\/1"}],"replies":[{"embeddable":true,"href":"https:\/\/assedel.org\/fr\/wp-json\/wp\/v2\/comments?post=4294"}],"version-history":[{"count":3,"href":"https:\/\/assedel.org\/fr\/wp-json\/wp\/v2\/posts\/4294\/revisions"}],"predecessor-version":[{"id":4456,"href":"https:\/\/assedel.org\/fr\/wp-json\/wp\/v2\/posts\/4294\/revisions\/4456"}],"wp:featuredmedia":[{"embeddable":true,"href":"https:\/\/assedel.org\/fr\/wp-json\/wp\/v2\/media\/4424"}],"wp:attachment":[{"href":"https:\/\/assedel.org\/fr\/wp-json\/wp\/v2\/media?parent=4294"}],"wp:term":[{"taxonomy":"category","embeddable":true,"href":"https:\/\/assedel.org\/fr\/wp-json\/wp\/v2\/categories?post=4294"},{"taxonomy":"post_tag","embeddable":true,"href":"https:\/\/assedel.org\/fr\/wp-json\/wp\/v2\/tags?post=4294"}],"curies":[{"name":"wp","href":"https:\/\/api.w.org\/{rel}","templated":true}]}}