
{"id":4204,"date":"2024-02-27T15:13:28","date_gmt":"2024-02-27T15:13:28","guid":{"rendered":"https:\/\/assedel.org\/?p=4204"},"modified":"2024-03-30T15:07:08","modified_gmt":"2024-03-30T15:07:08","slug":"assedel-publie-le-rapport-dactivite-2023-2","status":"publish","type":"post","link":"https:\/\/assedel.org\/fr\/assedel-publie-le-rapport-dactivite-2023-2\/","title":{"rendered":"ASSEDEL publie le rapport d&#8217;activit\u00e9 2023"},"content":{"rendered":"<p>ASSEDEL, une ONG europ\u00e9enne distingu\u00e9e militante pour les droits de l\u2019homme, s\u2019engage \u00e0 d\u00e9fendre les libert\u00e9s civiles et les droits fondamentaux en France et dans toute la r\u00e9gion europ\u00e9enne. Alors que nous r\u00e9fl\u00e9chissons \u00e0 nos activit\u00e9s de l\u2019ann\u00e9e \u00e9coul\u00e9e, nous sommes heureux de pr\u00e9senter un aper\u00e7u complet de nos efforts et de leurs impacts.<\/p>\n\n\n\n<p>Notre rapport est structur\u00e9 en six sections principales, chacune explorant des facettes distinctes de notre travail :<\/p>\n\n\n\n<p><strong>1. Soumissions:<\/strong><\/p>\n\n\n\n<ul class=\"wp-block-list\">\n<li> Cette section d\u00e9crit nos engagements aupr\u00e8s de divers organismes internationaux, notamment le Parlement europ\u00e9en, le Conseil de l\u2019Europe et les Nations unies, o\u00f9 nous avons soumis des rapports, des propositions et des observations pour aborder les violations des droits de l\u2019homme et promouvoir des politiques efficaces<\/li>\n<\/ul>\n\n\n\n<p><strong>2. Cour europ\u00e9enne des droits de l\u2019homme:<\/strong><\/p>\n\n\n\n<ol class=\"wp-block-list\">\n<li><\/li>\n<\/ol>\n\n\n\n<ul class=\"wp-block-list\">\n<li>Restez inform\u00e9 de l\u2019implication d\u2019ASSEDEL dans diverses initiatives li\u00e9es \u00e0 la Cour europ\u00e9enne des droits de l\u2019homme (CEDH), y compris la repr\u00e9sentation juridique, la r\u00e9daction de p\u00e9titions et la participation \u00e0 des r\u00e9unions avec des ONG.<\/li>\n<\/ul>\n\n\n\n<ul class=\"wp-block-list\">\n<li>D\u00e9couvrez les efforts d\u2019ASSEDEL pour sensibiliser aux droits de l\u2019homme via les m\u00e9dias sociaux et fournir des conseils juridiques et des services de traduction.<\/li>\n<\/ul>\n\n\n\n<p><strong>3. Service juridique et d\u2019aide aux migrants:<\/strong><\/p>\n\n\n\n<ol class=\"wp-block-list\" start=\"2\">\n<li><\/li>\n<\/ol>\n\n\n\n<ul class=\"wp-block-list\">\n<li>Apprenez-en davantage sur l\u2019engagement d\u2019ASSEDEL \u00e0 fournir une assistance juridique et un soutien aux migrants par le biais de son service d\u00e9di\u00e9.<\/li>\n\n\n\n<li>D\u00e9couvrez la gamme de services juridiques offerts, notamment l\u2019assistance aux demandes d\u2019asile, la repr\u00e9sentation dans les proc\u00e9dures juridiques et la d\u00e9fense des droits des migrants.<\/li>\n\n\n\n<li>Trouvez des ressources et des informations sur la navigation des processus juridiques, l\u2019acc\u00e8s aux services sociaux et la r\u00e9solution des d\u00e9fis auxquels sont confront\u00e9s les migrants dans leurs pays d\u2019accueil.<\/li>\n<\/ul>\n\n\n\n<p><strong>4. Opinons:<\/strong> <\/p>\n\n\n\n<ol class=\"wp-block-list\" start=\"3\">\n<li><\/li>\n<\/ol>\n\n\n\n<ul class=\"wp-block-list\">\n<li>Dans cette section, nous proposons des articles d\u2019opinion stimulants contribu\u00e9s par des individus de divers horizons. Ces articles fournissent des r\u00e9flexions et des analyses critiques sur les d\u00e9fis contemporains des droits de l\u2019homme, contribuant ainsi au discours et \u00e0 la sensibilisation plus larges.<\/li>\n\n\n\n<li>Explorez des articles d\u2019opinion et d\u2019analyse instructifs sur divers sujets li\u00e9s aux droits de l\u2019homme et aux probl\u00e8mes de soci\u00e9t\u00e9, contribu\u00e9s par des \u00e9tudiants, des professeurs et des sp\u00e9cialistes de diff\u00e9rents pays.<\/li>\n\n\n\n<li>Obtenez des perspectives vari\u00e9es sur des questions urgentes telles que le discours de haine, la libert\u00e9 des m\u00e9dias et le droit \u00e0 l\u2019\u00e9ducation.<\/li>\n<\/ul>\n\n\n\n<p><strong>5.  \u00c9v\u00e9nements et r\u00e9unions :<\/strong><\/p>\n\n\n\n<ol class=\"wp-block-list\" start=\"4\">\n<li><\/li>\n<\/ol>\n\n\n\n<ul class=\"wp-block-list\">\n<li>D\u00e9couvrez l\u2019engagement actif d\u2019ASSEDEL aupr\u00e8s d\u2019organismes et d\u2019organisations internationaux \u00e0 travers des r\u00e9unions et des conf\u00e9rences ax\u00e9es sur la d\u00e9mocratie, les droits de l\u2019homme et le d\u00e9veloppement soci\u00e9tal.<\/li>\n<\/ul>\n\n\n\n<ul class=\"wp-block-list\">\n<li>Restez inform\u00e9 des \u00e9v\u00e9nements pass\u00e9s et \u00e0 venir, notamment des conf\u00e9rences, des r\u00e9unions avec les repr\u00e9sentations permanentes et de la participation \u00e0 des forums tels que le Forum mondial sur la d\u00e9mocratie.<\/li>\n<\/ul>\n\n\n\n<ol class=\"wp-block-list\" start=\"5\">\n<li><\/li>\n<\/ol>\n\n\n\n<ul class=\"wp-block-list\">\n<li>Acc\u00e9dez \u00e0 des <strong>webinaires <\/strong>informatifs couvrant un large \u00e9ventail de sujets d\u2019actualit\u00e9 li\u00e9s aux droits de l\u2019homme et \u00e0 la d\u00e9mocratie, avec des intervenants experts et des discussions sur des questions urgentes.<\/li>\n<\/ul>\n\n\n\n<ul class=\"wp-block-list\">\n<li> Informez-vous sur les <strong>webinaires<\/strong> pass\u00e9s et restez \u00e0 l\u2019\u00e9coute pour des annonces sur les sessions \u00e0 venir.<\/li>\n<\/ul>\n\n\n\n<ul class=\"wp-block-list\">\n<li>Nos <strong>webinaires <\/strong>informatifs servent de plates-formes pour des perspectives diverses sur des questions urgentes des droits de l\u2019homme. En r\u00e9unissant des experts et des parties prenantes, notre objectif est de favoriser le dialogue et la compr\u00e9hension sur des sujets allant de la libert\u00e9 des m\u00e9dias \u00e0 la r\u00e9forme constitutionnelle.<\/li>\n<\/ul>\n\n\n\n<p><strong>6. ASSEDEL sur les m\u00e9dias sociaux :<\/strong><\/p>\n\n\n\n<ol class=\"wp-block-list\" start=\"6\">\n<li><\/li>\n<\/ol>\n\n\n\n<ul class=\"wp-block-list\">\n<li>Nous fournissons des faits saillants et des mises \u00e0 jour suppl\u00e9mentaires sur notre pr\u00e9sence sur les m\u00e9dias sociaux, y compris la croissance des abonn\u00e9s et l\u2019engagement sur diff\u00e9rentes plateformes, refl\u00e9tant nos efforts continus pour \u00e9largir notre port\u00e9e et notre influence.<\/li>\n<\/ul>\n\n\n\n<ul class=\"wp-block-list\">\n<li>Suivez la croissance remarquable d\u2019ASSEDEL sur diff\u00e9rentes plateformes de m\u00e9dias sociaux, y compris Instagram, LinkedIn, YouTube et Twitter.<\/li>\n<\/ul>\n\n\n\n<ul class=\"wp-block-list\">\n<li>Impliquez-vous avec le contenu d\u2019ASSEDEL, y compris les publications, les vid\u00e9os et les mises \u00e0 jour sur les activit\u00e9s et initiatives.<\/li>\n<\/ul>\n\n\n\n<ol class=\"wp-block-list\">\n<li><\/li>\n<\/ol>\n\n\n\n<p>Nous vous invitons \u00e0 explorer notre rapport annuel, qui illustre notre d\u00e9vouement \u00e0 promouvoir et \u00e0 prot\u00e9ger les droits de l\u2019homme en Europe et au-del\u00e0. Merci pour votre int\u00e9r\u00eat et votre soutien.<\/p>\n\n\n\n<p>Pour acc\u00e9der au rapport complet couvrant 2023, veuillez cliquer<a href=\"https:\/\/assedel.org\/wp-content\/uploads\/2024\/02\/ASSEDEL-ACTIVITY-REPORT-2023-PDF.pdf\" target=\"_blank\" rel=\"noreferrer noopener\"> ici.<\/a><\/p>","protected":false},"excerpt":{"rendered":"<p>ASSEDEL, une ONG europ\u00e9enne distingu\u00e9e militante pour les droits de l\u2019homme, s\u2019engage \u00e0 d\u00e9fendre les libert\u00e9s civiles et les droits fondamentaux en&#8230;<\/p>","protected":false},"author":1,"featured_media":4202,"comment_status":"open","ping_status":"open","sticky":false,"template":"","format":"standard","meta":{"give_campaign_id":0,"_uag_custom_page_level_css":"","footnotes":""},"categories":[92],"tags":[],"class_list":{"0":"post-4204","1":"post","2":"type-post","3":"status-publish","4":"format-standard","5":"has-post-thumbnail","7":"category-actualites-fr"},"uagb_featured_image_src":{"full":["https:\/\/assedel.org\/wp-content\/uploads\/2024\/02\/Beige-Black-Floral-Classic-Wedding-Banner-2.png",6912,3456,false],"thumbnail":["https:\/\/assedel.org\/wp-content\/uploads\/2024\/02\/Beige-Black-Floral-Classic-Wedding-Banner-2-150x150.png",150,150,true],"medium":["https:\/\/assedel.org\/wp-content\/uploads\/2024\/02\/Beige-Black-Floral-Classic-Wedding-Banner-2-300x150.png",300,150,true],"medium_large":["https:\/\/assedel.org\/wp-content\/uploads\/2024\/02\/Beige-Black-Floral-Classic-Wedding-Banner-2-768x384.png",768,384,true],"large":["https:\/\/assedel.org\/wp-content\/uploads\/2024\/02\/Beige-Black-Floral-Classic-Wedding-Banner-2-1024x512.png",1024,512,true],"1536x1536":["https:\/\/assedel.org\/wp-content\/uploads\/2024\/02\/Beige-Black-Floral-Classic-Wedding-Banner-2-1536x768.png",1536,768,true],"2048x2048":["https:\/\/assedel.org\/wp-content\/uploads\/2024\/02\/Beige-Black-Floral-Classic-Wedding-Banner-2-2048x1024.png",2048,1024,true],"trp-custom-language-flag":["https:\/\/assedel.org\/wp-content\/uploads\/2024\/02\/Beige-Black-Floral-Classic-Wedding-Banner-2.png",18,9,false],"inhype-blog-thumb":["https:\/\/assedel.org\/wp-content\/uploads\/2024\/02\/Beige-Black-Floral-Classic-Wedding-Banner-2-1140x694.png",1140,694,true],"inhype-blog-thumb-grid":["https:\/\/assedel.org\/wp-content\/uploads\/2024\/02\/Beige-Black-Floral-Classic-Wedding-Banner-2-555x360.png",555,360,true],"inhype-blog-thumb-widget":["https:\/\/assedel.org\/wp-content\/uploads\/2024\/02\/Beige-Black-Floral-Classic-Wedding-Banner-2-220x180.png",220,180,true],"inhype-blog-thumb-masonry":["https:\/\/assedel.org\/wp-content\/uploads\/2024\/02\/Beige-Black-Floral-Classic-Wedding-Banner-2-360x180.png",360,180,true]},"uagb_author_info":{"display_name":"assedel","author_link":"https:\/\/assedel.org\/fr\/author\/assedel\/"},"uagb_comment_info":2,"uagb_excerpt":"ASSEDEL, une ONG europ\u00e9enne distingu\u00e9e militante pour les droits de l\u2019homme, s\u2019engage \u00e0 d\u00e9fendre les libert\u00e9s civiles et les droits fondamentaux en...","amp_enabled":true,"_links":{"self":[{"href":"https:\/\/assedel.org\/fr\/wp-json\/wp\/v2\/posts\/4204","targetHints":{"allow":["GET"]}}],"collection":[{"href":"https:\/\/assedel.org\/fr\/wp-json\/wp\/v2\/posts"}],"about":[{"href":"https:\/\/assedel.org\/fr\/wp-json\/wp\/v2\/types\/post"}],"author":[{"embeddable":true,"href":"https:\/\/assedel.org\/fr\/wp-json\/wp\/v2\/users\/1"}],"replies":[{"embeddable":true,"href":"https:\/\/assedel.org\/fr\/wp-json\/wp\/v2\/comments?post=4204"}],"version-history":[{"count":4,"href":"https:\/\/assedel.org\/fr\/wp-json\/wp\/v2\/posts\/4204\/revisions"}],"predecessor-version":[{"id":4461,"href":"https:\/\/assedel.org\/fr\/wp-json\/wp\/v2\/posts\/4204\/revisions\/4461"}],"wp:featuredmedia":[{"embeddable":true,"href":"https:\/\/assedel.org\/fr\/wp-json\/wp\/v2\/media\/4202"}],"wp:attachment":[{"href":"https:\/\/assedel.org\/fr\/wp-json\/wp\/v2\/media?parent=4204"}],"wp:term":[{"taxonomy":"category","embeddable":true,"href":"https:\/\/assedel.org\/fr\/wp-json\/wp\/v2\/categories?post=4204"},{"taxonomy":"post_tag","embeddable":true,"href":"https:\/\/assedel.org\/fr\/wp-json\/wp\/v2\/tags?post=4204"}],"curies":[{"name":"wp","href":"https:\/\/api.w.org\/{rel}","templated":true}]}}