
{"id":3952,"date":"2023-11-13T22:17:52","date_gmt":"2023-11-13T22:17:52","guid":{"rendered":"https:\/\/assedel.org\/?p=3952"},"modified":"2024-03-30T15:01:11","modified_gmt":"2024-03-30T15:01:11","slug":"lassedel-soumet-ses-commentaires-et-recommandations-a-la-cour-europeenne-des-droits-de-lhomme-concernant-la-modification-de-larticle-28-du-reglement-de-la-cour","status":"publish","type":"post","link":"https:\/\/assedel.org\/fr\/lassedel-soumet-ses-commentaires-et-recommandations-a-la-cour-europeenne-des-droits-de-lhomme-concernant-la-modification-de-larticle-28-du-reglement-de-la-cour\/","title":{"rendered":"L&#8217;ASSEDEL soumet ses commentaires et recommandations \u00e0 la Cour europ\u00e9enne des droits de l&#8217;homme concernant la modification de l&#8217;article 28 du r\u00e8glement de la Cour"},"content":{"rendered":"<p>Suite \u00e0 l\u2019invitation re\u00e7ue du Greffier de la Cour, Mme Marialena Tsirli, l\u2019ASSEDEL soumet ses commentaires et recommandations sur l\u2019amendement envisag\u00e9 \u00e0 l\u2019article 28 du R\u00e8glement de la Cour, qui est propos\u00e9 d\u2019introduire le m\u00e9canisme de r\u00e9cusation pour toutes les formes de composition de la Cour.<\/p>\n\n\n\n<p>L\u2019ASSEDEL se f\u00e9licite de cet amendement, qui pr\u00e9voit un m\u00e9canisme concret de contr\u00f4le de l\u2019ind\u00e9pendance et de l\u2019impartialit\u00e9 des juges par la participation des requ\u00e9rants, et apporte ses observations pour assurer une meilleure mise en \u0153uvre de l\u2019amendement en termes de conduite de la proc\u00e9dure.<\/p>\n\n\n\n<p>Pour lire l\u2019int\u00e9gralit\u00e9 de la soumission, veuillez cliquer <strong><em><a href=\"https:\/\/assedel.org\/wp-content\/uploads\/2023\/11\/rule-28-amendment1.pdf\">ici.<\/a><\/em><\/strong><\/p>","protected":false},"excerpt":{"rendered":"<p>Suite \u00e0 l\u2019invitation re\u00e7ue du Greffier de la Cour, Mme Marialena Tsirli, l\u2019ASSEDEL soumet ses commentaires et recommandations sur l\u2019amendement envisag\u00e9 \u00e0&#8230;<\/p>","protected":false},"author":1,"featured_media":3916,"comment_status":"open","ping_status":"open","sticky":false,"template":"","format":"standard","meta":{"give_campaign_id":0,"_uag_custom_page_level_css":"","footnotes":""},"categories":[82,81],"tags":[],"class_list":{"0":"post-3952","1":"post","2":"type-post","3":"status-publish","4":"format-standard","5":"has-post-thumbnail","7":"category-conseil-de-leurope","8":"category-soumissions"},"uagb_featured_image_src":{"full":["https:\/\/assedel.org\/wp-content\/uploads\/2023\/11\/Untitled-design27.png",1200,675,false],"thumbnail":["https:\/\/assedel.org\/wp-content\/uploads\/2023\/11\/Untitled-design27-150x150.png",150,150,true],"medium":["https:\/\/assedel.org\/wp-content\/uploads\/2023\/11\/Untitled-design27-300x169.png",300,169,true],"medium_large":["https:\/\/assedel.org\/wp-content\/uploads\/2023\/11\/Untitled-design27-768x432.png",768,432,true],"large":["https:\/\/assedel.org\/wp-content\/uploads\/2023\/11\/Untitled-design27-1024x576.png",1024,576,true],"1536x1536":["https:\/\/assedel.org\/wp-content\/uploads\/2023\/11\/Untitled-design27.png",1200,675,false],"2048x2048":["https:\/\/assedel.org\/wp-content\/uploads\/2023\/11\/Untitled-design27.png",1200,675,false],"trp-custom-language-flag":["https:\/\/assedel.org\/wp-content\/uploads\/2023\/11\/Untitled-design27.png",18,10,false],"inhype-blog-thumb":["https:\/\/assedel.org\/wp-content\/uploads\/2023\/11\/Untitled-design27-1140x675.png",1140,675,true],"inhype-blog-thumb-grid":["https:\/\/assedel.org\/wp-content\/uploads\/2023\/11\/Untitled-design27-555x360.png",555,360,true],"inhype-blog-thumb-widget":["https:\/\/assedel.org\/wp-content\/uploads\/2023\/11\/Untitled-design27-220x180.png",220,180,true],"inhype-blog-thumb-masonry":["https:\/\/assedel.org\/wp-content\/uploads\/2023\/11\/Untitled-design27-360x203.png",360,203,true]},"uagb_author_info":{"display_name":"assedel","author_link":"https:\/\/assedel.org\/fr\/author\/assedel\/"},"uagb_comment_info":0,"uagb_excerpt":"Suite \u00e0 l\u2019invitation re\u00e7ue du Greffier de la Cour, Mme Marialena Tsirli, l\u2019ASSEDEL soumet ses commentaires et recommandations sur l\u2019amendement envisag\u00e9 \u00e0...","amp_enabled":true,"_links":{"self":[{"href":"https:\/\/assedel.org\/fr\/wp-json\/wp\/v2\/posts\/3952","targetHints":{"allow":["GET"]}}],"collection":[{"href":"https:\/\/assedel.org\/fr\/wp-json\/wp\/v2\/posts"}],"about":[{"href":"https:\/\/assedel.org\/fr\/wp-json\/wp\/v2\/types\/post"}],"author":[{"embeddable":true,"href":"https:\/\/assedel.org\/fr\/wp-json\/wp\/v2\/users\/1"}],"replies":[{"embeddable":true,"href":"https:\/\/assedel.org\/fr\/wp-json\/wp\/v2\/comments?post=3952"}],"version-history":[{"count":2,"href":"https:\/\/assedel.org\/fr\/wp-json\/wp\/v2\/posts\/3952\/revisions"}],"predecessor-version":[{"id":4479,"href":"https:\/\/assedel.org\/fr\/wp-json\/wp\/v2\/posts\/3952\/revisions\/4479"}],"wp:featuredmedia":[{"embeddable":true,"href":"https:\/\/assedel.org\/fr\/wp-json\/wp\/v2\/media\/3916"}],"wp:attachment":[{"href":"https:\/\/assedel.org\/fr\/wp-json\/wp\/v2\/media?parent=3952"}],"wp:term":[{"taxonomy":"category","embeddable":true,"href":"https:\/\/assedel.org\/fr\/wp-json\/wp\/v2\/categories?post=3952"},{"taxonomy":"post_tag","embeddable":true,"href":"https:\/\/assedel.org\/fr\/wp-json\/wp\/v2\/tags?post=3952"}],"curies":[{"name":"wp","href":"https:\/\/api.w.org\/{rel}","templated":true}]}}