
{"id":3855,"date":"2023-10-30T13:38:35","date_gmt":"2023-10-30T13:38:35","guid":{"rendered":"https:\/\/assedel.org\/?p=3855"},"modified":"2024-03-30T15:10:49","modified_gmt":"2024-03-30T15:10:49","slug":"assedel-responded-to-the-united-nations-special-rapporteur-on-freedom-of-religion","status":"publish","type":"post","link":"https:\/\/assedel.org\/fr\/assedel-responded-to-the-united-nations-special-rapporteur-on-freedom-of-religion\/","title":{"rendered":"ASSEDEL a r\u00e9pondu \u00e0 la Rapporteuse Sp\u00e9ciale des Nations Unies sur la libert\u00e9 de religion"},"content":{"rendered":"<p>La Rapporteuse Sp\u00e9ciale des Nations Unies sur la libert\u00e9 de religion ou de croyance pr\u00e9pare un rapport sur les r\u00e9ponses transformative \u00e0 l\u2019incitation \u00e0 la haine fond\u00e9e sur la religion ou la croyance. La Rapporteuse Sp\u00e9ciale a invit\u00e9 la soci\u00e9t\u00e9 civile \u00e0 fournir ses observations. L\u2019ASSEDEL a r\u00e9pondu \u00e0 cet appel en soumettant le pr\u00e9sent rapport.<\/p>\n\n\n\n<p>ASSEDEL has chosen to address the question \u2018how are prejudicial attitudes among state actors, including law enforcement and justice operators, monitored, recognized and addressed\u2019 in France?<\/p>\n\n\n\n<p>Le rapport rappel le principe constitutionnel de <em>la\u00efcit\u00e9<\/em> et son r\u00f4le essentiel dans la r\u00e9glementation du comportement des acteurs de l\u2019\u00c9tat en mati\u00e8re de neutralit\u00e9 religieuse. Le rapport aborde trois enjeux cruciaux de l\u2019incitation \u00e0 la haine religieuse\u00a0: les rh\u00e9toriques antireligions dans les discours politiques, la discrimination indirecte dans la loi et la probl\u00e9matique de la technique du profilage racial.<\/p>\n\n\n\n<p>L\u2019ASSEDEL s\u2019est appuy\u00e9 sur les travaux des Nations Unies, de la Commission europ\u00e9enne contre le racisme et l\u2019intol\u00e9rance et d\u2019organisme fran\u00e7ais de protection des droits de l\u2019homme. Dans ce rapport, l\u2019ASSEDEL a souhait\u00e9 compiler des cas sp\u00e9cifiques d\u2019incitation \u00e0 la haine religieuse en France afin de mettre en lumi\u00e8re certaines probl\u00e9matiques dans les m\u00e9canismes de r\u00e9ponses existant.<\/p>\n\n\n\n<p>Pour lire l\u2019int\u00e9gralit\u00e9 de notre rapport, veuillez cliquer <strong><em><a href=\"https:\/\/assedel.org\/wp-content\/uploads\/2023\/10\/ASSEDEL-Contribution-for-the-Special-Rapporteur3.pdf\" target=\"_blank\" rel=\"noreferrer noopener\"><u>ici<\/u>.<\/a><\/em><\/strong><\/p>","protected":false},"excerpt":{"rendered":"<p>The United Nations Special Rapporteur on freedom of religion or belief is preparing a report on transformative responses to advocacy for hatred&#8230;<\/p>","protected":false},"author":1,"featured_media":3859,"comment_status":"open","ping_status":"open","sticky":false,"template":"","format":"standard","meta":{"give_campaign_id":0,"_uag_custom_page_level_css":"","footnotes":""},"categories":[29,32],"tags":[],"class_list":{"0":"post-3855","1":"post","2":"type-post","3":"status-publish","4":"format-standard","5":"has-post-thumbnail","7":"category-submissions-eng","8":"category-united-nations-eng"},"uagb_featured_image_src":{"full":["https:\/\/assedel.org\/wp-content\/uploads\/2023\/10\/Copy-of-Venture-Into-the-Woods1.png",1200,675,false],"thumbnail":["https:\/\/assedel.org\/wp-content\/uploads\/2023\/10\/Copy-of-Venture-Into-the-Woods1-150x150.png",150,150,true],"medium":["https:\/\/assedel.org\/wp-content\/uploads\/2023\/10\/Copy-of-Venture-Into-the-Woods1-300x169.png",300,169,true],"medium_large":["https:\/\/assedel.org\/wp-content\/uploads\/2023\/10\/Copy-of-Venture-Into-the-Woods1-768x432.png",768,432,true],"large":["https:\/\/assedel.org\/wp-content\/uploads\/2023\/10\/Copy-of-Venture-Into-the-Woods1-1024x576.png",1024,576,true],"1536x1536":["https:\/\/assedel.org\/wp-content\/uploads\/2023\/10\/Copy-of-Venture-Into-the-Woods1.png",1200,675,false],"2048x2048":["https:\/\/assedel.org\/wp-content\/uploads\/2023\/10\/Copy-of-Venture-Into-the-Woods1.png",1200,675,false],"trp-custom-language-flag":["https:\/\/assedel.org\/wp-content\/uploads\/2023\/10\/Copy-of-Venture-Into-the-Woods1.png",18,10,false],"inhype-blog-thumb":["https:\/\/assedel.org\/wp-content\/uploads\/2023\/10\/Copy-of-Venture-Into-the-Woods1-1140x675.png",1140,675,true],"inhype-blog-thumb-grid":["https:\/\/assedel.org\/wp-content\/uploads\/2023\/10\/Copy-of-Venture-Into-the-Woods1-555x360.png",555,360,true],"inhype-blog-thumb-widget":["https:\/\/assedel.org\/wp-content\/uploads\/2023\/10\/Copy-of-Venture-Into-the-Woods1-220x180.png",220,180,true],"inhype-blog-thumb-masonry":["https:\/\/assedel.org\/wp-content\/uploads\/2023\/10\/Copy-of-Venture-Into-the-Woods1-360x203.png",360,203,true]},"uagb_author_info":{"display_name":"assedel","author_link":"https:\/\/assedel.org\/fr\/author\/assedel\/"},"uagb_comment_info":0,"uagb_excerpt":"The United Nations Special Rapporteur on freedom of religion or belief is preparing a report on transformative responses to advocacy for hatred...","amp_enabled":true,"_links":{"self":[{"href":"https:\/\/assedel.org\/fr\/wp-json\/wp\/v2\/posts\/3855","targetHints":{"allow":["GET"]}}],"collection":[{"href":"https:\/\/assedel.org\/fr\/wp-json\/wp\/v2\/posts"}],"about":[{"href":"https:\/\/assedel.org\/fr\/wp-json\/wp\/v2\/types\/post"}],"author":[{"embeddable":true,"href":"https:\/\/assedel.org\/fr\/wp-json\/wp\/v2\/users\/1"}],"replies":[{"embeddable":true,"href":"https:\/\/assedel.org\/fr\/wp-json\/wp\/v2\/comments?post=3855"}],"version-history":[{"count":3,"href":"https:\/\/assedel.org\/fr\/wp-json\/wp\/v2\/posts\/3855\/revisions"}],"predecessor-version":[{"id":4487,"href":"https:\/\/assedel.org\/fr\/wp-json\/wp\/v2\/posts\/3855\/revisions\/4487"}],"wp:featuredmedia":[{"embeddable":true,"href":"https:\/\/assedel.org\/fr\/wp-json\/wp\/v2\/media\/3859"}],"wp:attachment":[{"href":"https:\/\/assedel.org\/fr\/wp-json\/wp\/v2\/media?parent=3855"}],"wp:term":[{"taxonomy":"category","embeddable":true,"href":"https:\/\/assedel.org\/fr\/wp-json\/wp\/v2\/categories?post=3855"},{"taxonomy":"post_tag","embeddable":true,"href":"https:\/\/assedel.org\/fr\/wp-json\/wp\/v2\/tags?post=3855"}],"curies":[{"name":"wp","href":"https:\/\/api.w.org\/{rel}","templated":true}]}}