
{"id":3369,"date":"2023-09-21T15:03:55","date_gmt":"2023-09-21T15:03:55","guid":{"rendered":"https:\/\/assedel.org\/?p=3369"},"modified":"2024-03-30T16:00:10","modified_gmt":"2024-03-30T16:00:10","slug":"lassedel-intervient-aupres-de-la-cour-europeenne-des-droits-de-lhomme-en-tant-que-tierce-partie","status":"publish","type":"post","link":"https:\/\/assedel.org\/fr\/lassedel-intervient-aupres-de-la-cour-europeenne-des-droits-de-lhomme-en-tant-que-tierce-partie\/","title":{"rendered":"L&#8217;ASSEDEL intervient aupr\u00e8s de la Cour europ\u00e9enne des droits de l&#8217;homme en tant que\u00a0tierce\u00a0partie"},"content":{"rendered":"<p>Depuis des ann\u00e9es la Gr\u00e8ce est accus\u00e9e de proc\u00e9d\u00e9r au refoulement (pushback) des demandeurs d\u2019asile. C\u2019est dans ce cadre que la Cour europ\u00e9enne des droits de l\u2019Homme a communiqu\u00e9 une <strong><em><a href=\"https:\/\/hudoc.echr.coe.int\/eng?i=001-224457\">affaire<\/a><\/em><\/strong> concernant deux refoul\u00e9s, dont une ressortissante franco-turque ayant le droit de circuler librement en Gr\u00e8ce, au Gouvernement grec.<\/p>\n\n\n\n<p>ASSEDEL, autoris\u00e9e \u00e0 intervenir \u00e0 titre d\u2019intervenant tierce pour ladite affaire, dans son m\u00e9moire s\u2019int\u00e9resse \u00e0 la question de la caract\u00e9risation des violations all\u00e9gu\u00e9es<\/p>\n\n\n\n<p>La tierce intervention de l\u2019ASSEDEL pose \u00e9galement la question de savoir si les demandeurs d\u2019asile qui ont \u00e9t\u00e9 refoul\u00e9s devraient \u00eatre oblig\u00e9s d\u2019\u00e9puiser les voies de recours grecques avant d\u2019introduire une requ\u00eate individuelle devant la Cour.<\/p>\n\n\n\n<p>Elle met enfin l\u2019accent sur la situation exceptionnelle des ressortissants turcs incarc\u00e9r\u00e9s ( sympathisants pr\u00e9sum\u00e9s du Mouvement Gulen et de la cause kurde) pour des motifs politiques, apr\u00e8s avoir \u00e9t\u00e9 refoul\u00e9s.<\/p>\n\n\n\n<p>Pour lire l\u2019int\u00e9gralit\u00e9 de l\u2019intervention, veuillez cliquer <strong><em><a href=\"https:\/\/assedel.org\/wp-content\/uploads\/2023\/09\/ASSEDEL-Tierce-intervention-10063-et-11762-22.pdf\">ici.<\/a><\/em><\/strong><\/p>","protected":false},"excerpt":{"rendered":"<p>Depuis des ann\u00e9es la Gr\u00e8ce est accus\u00e9e de proc\u00e9d\u00e9r au refoulement (pushback) des demandeurs d\u2019asile. C\u2019est dans ce cadre que la Cour&#8230;<\/p>","protected":false},"author":1,"featured_media":3366,"comment_status":"open","ping_status":"open","sticky":false,"template":"","format":"standard","meta":{"give_campaign_id":0,"_uag_custom_page_level_css":"","footnotes":""},"categories":[82,81],"tags":[],"class_list":{"0":"post-3369","1":"post","2":"type-post","3":"status-publish","4":"format-standard","5":"has-post-thumbnail","7":"category-conseil-de-leurope","8":"category-soumissions"},"uagb_featured_image_src":{"full":["https:\/\/assedel.org\/wp-content\/uploads\/2023\/09\/Copy-of-Copie-de-Discrimination-against-women.png",1200,675,false],"thumbnail":["https:\/\/assedel.org\/wp-content\/uploads\/2023\/09\/Copy-of-Copie-de-Discrimination-against-women-150x150.png",150,150,true],"medium":["https:\/\/assedel.org\/wp-content\/uploads\/2023\/09\/Copy-of-Copie-de-Discrimination-against-women-300x169.png",300,169,true],"medium_large":["https:\/\/assedel.org\/wp-content\/uploads\/2023\/09\/Copy-of-Copie-de-Discrimination-against-women-768x432.png",768,432,true],"large":["https:\/\/assedel.org\/wp-content\/uploads\/2023\/09\/Copy-of-Copie-de-Discrimination-against-women-1024x576.png",1024,576,true],"1536x1536":["https:\/\/assedel.org\/wp-content\/uploads\/2023\/09\/Copy-of-Copie-de-Discrimination-against-women.png",1200,675,false],"2048x2048":["https:\/\/assedel.org\/wp-content\/uploads\/2023\/09\/Copy-of-Copie-de-Discrimination-against-women.png",1200,675,false],"trp-custom-language-flag":["https:\/\/assedel.org\/wp-content\/uploads\/2023\/09\/Copy-of-Copie-de-Discrimination-against-women.png",18,10,false],"inhype-blog-thumb":["https:\/\/assedel.org\/wp-content\/uploads\/2023\/09\/Copy-of-Copie-de-Discrimination-against-women-1140x675.png",1140,675,true],"inhype-blog-thumb-grid":["https:\/\/assedel.org\/wp-content\/uploads\/2023\/09\/Copy-of-Copie-de-Discrimination-against-women-555x360.png",555,360,true],"inhype-blog-thumb-widget":["https:\/\/assedel.org\/wp-content\/uploads\/2023\/09\/Copy-of-Copie-de-Discrimination-against-women-220x180.png",220,180,true],"inhype-blog-thumb-masonry":["https:\/\/assedel.org\/wp-content\/uploads\/2023\/09\/Copy-of-Copie-de-Discrimination-against-women-360x203.png",360,203,true]},"uagb_author_info":{"display_name":"assedel","author_link":"https:\/\/assedel.org\/fr\/author\/assedel\/"},"uagb_comment_info":0,"uagb_excerpt":"Depuis des ann\u00e9es la Gr\u00e8ce est accus\u00e9e de proc\u00e9d\u00e9r au refoulement (pushback) des demandeurs d\u2019asile. C\u2019est dans ce cadre que la Cour...","amp_enabled":true,"_links":{"self":[{"href":"https:\/\/assedel.org\/fr\/wp-json\/wp\/v2\/posts\/3369","targetHints":{"allow":["GET"]}}],"collection":[{"href":"https:\/\/assedel.org\/fr\/wp-json\/wp\/v2\/posts"}],"about":[{"href":"https:\/\/assedel.org\/fr\/wp-json\/wp\/v2\/types\/post"}],"author":[{"embeddable":true,"href":"https:\/\/assedel.org\/fr\/wp-json\/wp\/v2\/users\/1"}],"replies":[{"embeddable":true,"href":"https:\/\/assedel.org\/fr\/wp-json\/wp\/v2\/comments?post=3369"}],"version-history":[{"count":2,"href":"https:\/\/assedel.org\/fr\/wp-json\/wp\/v2\/posts\/3369\/revisions"}],"predecessor-version":[{"id":4507,"href":"https:\/\/assedel.org\/fr\/wp-json\/wp\/v2\/posts\/3369\/revisions\/4507"}],"wp:featuredmedia":[{"embeddable":true,"href":"https:\/\/assedel.org\/fr\/wp-json\/wp\/v2\/media\/3366"}],"wp:attachment":[{"href":"https:\/\/assedel.org\/fr\/wp-json\/wp\/v2\/media?parent=3369"}],"wp:term":[{"taxonomy":"category","embeddable":true,"href":"https:\/\/assedel.org\/fr\/wp-json\/wp\/v2\/categories?post=3369"},{"taxonomy":"post_tag","embeddable":true,"href":"https:\/\/assedel.org\/fr\/wp-json\/wp\/v2\/tags?post=3369"}],"curies":[{"name":"wp","href":"https:\/\/api.w.org\/{rel}","templated":true}]}}