
{"id":3259,"date":"2021-08-05T16:57:00","date_gmt":"2021-08-05T16:57:00","guid":{"rendered":"https:\/\/assedel.org\/?p=3259"},"modified":"2024-03-30T17:29:49","modified_gmt":"2024-03-30T17:29:49","slug":"human-rights-mechanisms-and-anti-democratic-systems","status":"publish","type":"post","link":"https:\/\/assedel.org\/fr\/human-rights-mechanisms-and-anti-democratic-systems\/","title":{"rendered":"M\u00e9canismes relatifs aux droits de l'homme &amp; syst\u00e8mes anti-d\u00e9mocratiques"},"content":{"rendered":"<p>Monsieur Espinosa a trait\u00e9 au long de ce webinaire le sujet des m\u00e9canismes relatifs aux droits de l\u2019Homme et des syst\u00e8mes antid\u00e9mocratiques.\u00a0\u00a0<\/p>\n\n\n\n<p>En se reposant sur ses exp\u00e9riences et ses connaissances, il introduit son intervention avec une citation de Winston Churchill\u00a0: <\/p>\n\n\n\n<blockquote class=\"wp-block-quote is-layout-flow wp-block-quote-is-layout-flow\">\n<p>\u201cIt is better to know a little of everything than everything of one\u201d.<\/p>\n<\/blockquote>\n\n\n\n<p>The theme will be human rights, human rights and their evolution, as well as democracy in its current state of disrepair. Mr. Espinosa explains in his talk, \u201cHow could democratic voids endanger human rights and peace today, and certainly still tomorrow?\u201d<\/p>\n\n\n\n<p>Un premier point sera abord\u00e9 sur la probl\u00e9matique suivante\u00a0:<\/p>\n\n\n\n<blockquote class=\"wp-block-quote is-layout-flow wp-block-quote-is-layout-flow\">\n<p>\u201cThe evolution of human rights, are they truly universal and indivisible, have they evolved over time and what is the state of these human rights today?\u201d<\/p>\n<\/blockquote>\n\n\n\n<p>Jusqu\u2019en 1948, il y a eu un nombre important de textes qu\u2019on conna\u00eet certainement tous, il y a eu des textes qu\u2019on trouve dans les r\u00e9f\u00e9rences les plus courantes comme le Code de Hammurabi, Le cylindre de Cyrus en 539 avant J\u00e9sus-Christ, Magna Carta adopt\u00e9 le 15 juin 1215 et La D\u00e9claration des droits (ou Bill of Rights en anglais) dans les pays les plus anglo-saxons et la d\u00e9claration universelle des droits de l\u2019homme pour ne parler que des plus importants documents qui ont marqu\u00e9 l\u2019histoire d\u2019une tentative de d\u00e9finition du droit de l\u2019homme, tous de port\u00e9e soit locale, soit r\u00e9gional\u00a0 Il a fallu attendre 1948 pour voir la premi\u00e8re d\u00e9claration universelle des droits de l\u2019homme de port\u00e9e universelle.<\/p>\n\n\n\n<p>Des droits de l\u2019homme de port\u00e9e universelle qui \u00e9tait plac\u00e9e sous la protection internationale et \u00e9tait r\u00e9dig\u00e9e par une commission compos\u00e9e de pays de tous les continents et c\u2019est \u00e7a qui lui donne une premi\u00e8re universalit\u00e9. On a l\u2019Australie, le Chili, la Chine, la France, le Liban, les \u00c9tats-Unis, le Royaume-Uni et l\u2019URSS.\u00a0<\/p>\n\n\n\n<p>Lors du vote \u00e0 l\u2019Assembl\u00e9e g\u00e9n\u00e9rale de l\u2019ONU qui ne comptait \u00e0 l\u2019\u00e9poque que 58 membre il y a eu 8 abstentions, il n\u2019y a pas eu de vote contre. C\u2019\u00e9tait donc le premier r\u00e9veil de l\u2019ensemble des valeurs d\u00e9j\u00e0 consacr\u00e9 par les documents pass\u00e9s que M. Espinosa avait mentionn\u00e9s, et d\u2019autres \u00e9lections historiques.<\/p>\n\n\n\n<p>Cette d\u00e9claration, au d\u00e9but, et m\u00eame aujourd\u2019hui, n\u2019avait pas de valeur contraignante. Elle a \u00e9t\u00e9 sign\u00e9e comme une intention de commencer \u00e0 r\u00e9fl\u00e9chir sur comment prot\u00e9ger les droits de l\u2019Homme et la paix de mani\u00e8re universelle. Et ce n\u2019est qu\u2019apr\u00e8s, dans le cas des travaux des Nations unies qu\u2019on a commenc\u00e9 \u00e0 r\u00e9diger des trait\u00e9s, des pactes et des d\u00e9clarations qui aujourd\u2019hui engagent les \u00e9tats \u00e0 diff\u00e9rents niveaux.\u00a0<\/p>\n\n\n\n<p>3 years earlier, in 1945, the UN was created, and its charter committed it to promoting effective universal respect for human rights. So the charter already refers to human rights, without knowing that 3 years later we would have this declaration. So \u201cuniversal respect for, and observance of, human rights and fundamental freedoms for all\u201d can be found in the charter.<\/p>\n\n\n\n<p>C\u2019est donc la premi\u00e8re \u00e9tape dans l\u2019histoire de l\u2019humanit\u00e9 o\u00f9 les \u00c9tats membres d\u2019une entit\u00e9 globale s\u2019engagent \u00e0 reconna\u00eetre l\u2019universalit\u00e9 et l\u2019indivisibilit\u00e9 des droits humains. Les droits et les libert\u00e9s deviennent donc d\u2019une certaine mani\u00e8re universelle avec quelques particularismes tendant \u00e0 la relativiser. Il s\u2019agit ici d\u2019une constitution historique des Nations Unies \u00e0 la g\u00e9n\u00e9ralisation des d\u00e9mocraties pacifique, c\u2019\u00e9tait un id\u00e9al commun \u00e0 atteindre par tous les peuples et toutes les nations. C\u2019est de cette mani\u00e8re qu\u2019il a \u00e9t\u00e9 indiqu\u00e9 dans les documents fondateurs des Nations Unies.\u00a0<\/p>\n\n\n\n<p>And on this basis, it wasn\u2019t until the 1960s that we were able to draw up two covenants that became binding on States: the Covenant on Civil and Political Rights. These are more individual in nature, and mark the era of civil and political rights protection. During the Covenant on Economic, Social and Cultural Rights, which marked the need to generate social rights such as health and education and, above all, to promote equal opportunities for all, conventions were added to these basic rights, such as the Convention on the Prevention and Punishment of Genocide, which dates back to this period.<\/p>\n\n\n\n<p>La convention de la torture, la convention pour les droits de l\u2019enfant en sont des exemples. Peu apr\u00e8s, sont venu s\u2019ajouter des documents qui ont cr\u00e9e des entit\u00e9s tr\u00e8s importantes des Nations unies comme l\u2019OMS, l\u2019UNESCO, et d\u2019autres entit\u00e9s de tout ordres comme la propri\u00e9t\u00e9 intellectuelle et les t\u00e9l\u00e9communications. M. Espinosa illustre dans ce passage l'\u00e9mergence de droits qui tendent tous \u00e0 g\u00e9n\u00e9rer la s\u00e9curit\u00e9, \u00e0 favoriser le d\u00e9veloppement et un environnement sain pour ceux qui les pratiquent. Le droit \u00e0 un environnement saint est n\u00e9cessaire non seulement pour prot\u00e9ger l\u2019environnement, mais aussi pour prot\u00e9ger les individus qui en b\u00e9n\u00e9ficient.\u00a0<\/p>\n\n\n\n<p>Il y a \u00e9galement eu des documents importants qui compl\u00e8te tout cet outil de protection sp\u00e9ciale notamment pour le droit des femmes ainsi que les personnes handicap\u00e9es. Ce sont les conventions qui sont venus s\u2019ajouter, et nulle n\u2019aurait pu deviner qu\u2019en 1948, quand on a sign\u00e9 cette d\u00e9claration de base, on allait d\u00e9velopper tous ces instruments gr\u00e2ce \u00e0 l\u2019existence de toutes les entit\u00e9s des Nations Unies qui ont \u00e9t\u00e9 cr\u00e9e pour les mettre en \u0153uvre.\u00a0<\/p>\n\n\n\n<p>Parall\u00e8lement \u00e0 cela, il y a l\u2019\u00e9volution, dans la m\u00eame perspective de prot\u00e9ger les droits, mais avec certains particularismes r\u00e9gionaux ou culturelles. Des normes et des coutumes \u00e9crites pour r\u00e9pondre \u00e0 ces besoins se sont d\u00e9velopp\u00e9es en introduisant un certain relativisme. Par exemple les droits de l\u2019Homme et l\u2019Islam. L\u2019Islam base les droits de l\u2019Homme dans la croyance. Il y a dans un premier temps la loi coranique, et tout ce qui vient apr\u00e8s, ce sont des d\u00e9ductions de ce qui est d\u00e9j\u00e0 \u00e9crit dans le Coran. Espinosa souligne ici une conclusion selon laquelle, dans la pratique des diff\u00e9rents pays, la relation entre le droit coranique et les instruments de l'ONU peut varier. Cela n\u00e9cessite un \u00e9quilibre entre les pratiques et les croyances culturelles, d'une part, et les instruments rationnels plus universels des Nations unies, d'autre part.\u00a0\u00a0<\/p>\n\n\n\n<h2 class=\"wp-block-heading\">DES AUTRES M\u00c9CANISMES INTERNATIONAUX<\/h2>\n\n\n\n<p>Africa\u2019s mechanisms have also evolved, with the 1986 African Charter on Human and Peoples\u2019 Rights. This sets out the rights and duties of the community of peoples. They have also signed a convention on refugees. These are regional instruments that are binding on the countries that sign them at regional level within the framework of the continents.<\/p>\n\n\n\n<p>Il y a aussi des m\u00e9canismes comme le syst\u00e8me interam\u00e9ricain des droits de l\u2019Homme dans le cadre de l\u2019organisation am\u00e9ricaine et puis la Convention europ\u00e9enne des droits de l\u2019homme. Ce sont des instruments qui ne pr\u00e9tendent pas s\u2019\u00e9loigner, ni de l\u2019esprit, ni de la lettre du syst\u00e8me onusien, mais qui sont des m\u00e9canismes de mise en \u0153uvre.<\/p>\n\n\n\n<p>La Charte africaine des droits de l\u2019Homme est aussi pr\u00e9sente pour appliquer la loi au niveau continental. De son point de vue personnel, la charte am\u00e9ricaine des droits de l\u2019Homme et la Convention europ\u00e9enne des droits de l\u2019Homme n\u2019ont pas cette particularit\u00e9 culturelle par rapport aux documents d\u00e9velopp\u00e9 par les Nations Unies.<\/p>\n\n\n\n<p>Voila, pour un survol global de l\u2019essentiel des instruments existants qui tous concours \u00e0 prot\u00e9ger l\u2019individu, la communaut\u00e9 et \u00e0 promouvoir la paix et la d\u00e9mocratie dans le monde.\u00a0<\/p>\n\n\n\n<p>Mr. Espinosa\u2019s second point concerns the question of whether \u201cdemocracies are complete? Is Democracy the least bad of all systems? as Churchill said\u201d.<\/p>\n\n\n\n<p>First of all, when we talk about the formality of a democracy, we\u2019re talking about the right to vote, the separation of powers, the protection of individual rights and so on. These are the conditions that qualify a state as democratic. According to the figures, only around 60% of countries are considered democratic on the basis of these general criteria. Among the countries that are not democratic, there are necessarily those that are members of the UN and should respect human rights.<\/p>\n\n\n\n<p>M. Espinosa attire les attentions ici aux pays en transition qui passent des r\u00e9gimes anti-d\u00e9mocratiques vers la d\u00e9mocratie. On contaste que pluspart de ces pays en transition ont \u00e9t\u00e9 gr\u00e2ce \u00e0 la pression populaire, \u00e0 la soci\u00e9t\u00e9 civile. D\u2019une mani\u00e8re g\u00e9n\u00e9ral les pays qu\u2019on consid\u00e8re pas tout \u00e0 fait d\u00e9mocratiques ou anti-d\u00e9mocratique , dans ceux qui d\u00e9mocratie\u00a0 fragile\u00a0 et faible selon les \u00e9tudes.<\/p>\n\n\n\n<h2 class=\"wp-block-heading\">193 pays membre de l\u2019ONU\u00a0\u00a0<\/h2>\n\n\n\n<p>Premier point conflictuel c\u2019est que, dans un system onusien qui se veut contribuer \u00e0 la g\u00e9n\u00e9ration de la d\u00e9mocratie lorsqu\u2019il existe quand m\u00eame 80 pays dont certains ce sont des dictatures qui font partie de l\u2019ONU et qui ont sign\u00e9 un nombre important des instrument internationaux et qui ne les respecte pas. Cela prouve deux choses\u00a0:<\/p>\n\n\n\n<ul class=\"wp-block-list\">\n<li>Syst\u00e8me n\u2019a pas encore eu la port\u00e9e suffisante pour faire ces transitions vers la d\u00e9mocratie pour les pays<\/li>\n\n\n\n<li>Ces pays-l\u00e0 ont des probl\u00e8mes de gouvernance.\u00a0<\/li>\n<\/ul>\n\n\n\n<p>So how does all this relate to the implementation of human rights? What\u2019s the main problem?<\/p>\n\n\n\n<p>The principles and values of human rights, according to the multilateral system, are supposed to be implemented in democratic contexts, based on the principle of \u201cnational sovereignty\u201d. If a country is unwilling to cooperate and respect a decision taken by one of the mechanisms, there is no binding mechanism to enforce a decision.<\/p>\n\n\n\n<p>Le seul instrument de l\u2019ONU qui peut devenir contraignant pour obliger un pays \u00e0 respecter toute ces normes c\u2019est le Conseil de S\u00e9curit\u00e9.\u00a0<\/p>\n\n\n\n<p>Beaucoup de pays qui se cache derri\u00e8re, ce qu\u2019on appelle, de la d\u00e9mocratie de fa\u00e7ade. Ce sont des pays o\u00f9 tous les pouvoirs sont centralis\u00e9s, malgr\u00e9 la s\u00e9paration apparente des pouvoirs l\u00e9gislatif, ex\u00e9cutif et judiciaire ou encore des pays o\u00f9 les fraudes \u00e9lectorales sont g\u00e9n\u00e9ralis\u00e9es etc.\u00a0<\/p>\n\n\n\n<p>That\u2019s why there\u2019s this dichotomy between democracies that are part of a multilateral system which normally obliges them to implement the decisions of the mechanisms to which they have committed themselves, and countries at national level which, because of their national sovereignty, can afford to situate themselves as they please with a fa\u00e7ade of democracy. Worse still, the geostrategic interests of individual states have a major influence on the multilateral system. Universal values are sacrificed on the backs of citizens for geopolitical interests. Even in Switzerland, as we often hear people say, \u201cIn international diplomacy, you don\u2019t have friends; you only have interests.<\/p>\n\n\n\n<p>Now we come to the third point of this speech: the \u201cThree United Nations\u201d. What are these three United Nations and what role do they play in building democracy?<\/p>\n\n\n\n<p>La cr\u00e9ation de eventuelles sanctions, former des observateurs charg\u00e9s de l\u2019application de ces droits. Les organisation \u00e0 vocation r\u00e9gionale son \u00e0 la mise en \u0153uvre entre 45 et le fin de 90s .\u00a0<\/p>\n\n\n\n<p>Pour faire en sorte que tous ces m\u00e9canismes soient mis en place on a cr\u00e9\u00e9 le haut-commissariat des Nations Unies pour les droits de l\u2019homme. Charg\u00e9 de veiller le respect des droits de l\u2019homme dans le monde. Pour chaque convention\/pacte il a fallu cr\u00e9er des m\u00e9canismes qui sont charg\u00e9s de veiller leurs applications.\u00a0<\/p>\n\n\n\n<p>1.Nations Unies, ce sont des \u00c9tats membre qui se r\u00e9unissent et forment un assembl\u00e9 g\u00e9n\u00e9ral, un conseil de des droits de l\u2019homme, un conseil \u00e9conomique et social etc. Dans ce cas c\u2019est eux qui d\u00e9cident tout.\u00a0<\/p>\n\n\n\n<p>2. Nations Unies, c\u2019est les experts et les fonctionnaires de l\u2019ONU pour faciliter la t\u00e2che des \u00c9tats membres. Parfois les \u00c9tats membres leur donnent le pouvoir d\u2019appliquer une d\u00e9cision, comme par exemple le bureau r\u00e9gional des commissariats des Nations Unies en Colombie.\u00a0<\/p>\n\n\n\n<p>3. Nations Unies, c\u2019est la soci\u00e9t\u00e9 civile. L\u2019article 71 de la charte des Nations Unies pr\u00e9voit la consultation aux organisations non gouvernementales qui s'occupent de questions relevant de sa comp\u00e9tence. En 1945 qu\u2019on a d\u00e9j\u00e0 pens\u00e9 que la soci\u00e9t\u00e9 civile devait avoir une place. La soci\u00e9t\u00e9 civile \u00e0 tous les niveaux de ce syst\u00e8me multilat\u00e9ral b\u00e9n\u00e9ficie d\u2019un droit, \u00e9tabli et formalis\u00e9. Sur la base de cet article plusieurs organisation internationaux ont ouvert leurs portes pour la soci\u00e9t\u00e9 civile \u00e0 sa mani\u00e8re. Comme par exemple le statut consultatif aupr\u00e8s de l\u2019ECOSOC, l\u2019UNESCO etc.\u00a0<\/p>\n\n\n\n<p>Ces trois unit\u00e9s, Nations Unies qui se mettent en relation dans le cadre d\u2019une grande conf\u00e9rence dans le cadre d\u2019une petite r\u00e9union, dans le cadre d\u2019une prise de d\u00e9cision pour diriger l\u2019ensemble de ce syst\u00e8me multilat\u00e9ral. Les \u00c9tats sont souverains, la soci\u00e9t\u00e9 civile est l\u00e0 pour faire pression et le personnel qui est l\u00e0 pour servir tous au bon moment.\u00a0<\/p>\n\n\n\n<p>La grande difficult\u00e9, si je r\u00e9p\u00e8te, c\u2019est l\u2019expression de la volont\u00e9 publique des \u00c9tats d\u2019appliquer ou non les instruments qu\u2019ils ont sign\u00e9 et les d\u00e9cisions qui sont prise par le syst\u00e8me des Nations Unies.\u00a0<\/p>\n\n\n\n<p>Les d\u00e9mocraties qui ne sont pas achev\u00e9s peuvent vite tourner en dictature ou un r\u00e9gime anti-d\u00e9mocratique, qu\u2019est-ce qu\u2019on peut faire pour contre \u00e7a de mani\u00e8re g\u00e9n\u00e9rale\u00a0?\u00a0<\/p>\n\n\n\n<p>Aucun pays de monde n\u2019est pas \u00e9pargn\u00e9 des violations des droits de l\u2019homme. M\u00eame en Suisse, il y a des probl\u00e8mes de traitement des migrants ou le traitement des prisonniers etc.\u00a0<\/p>\n\n\n\n<p>Les droits humains sont-ils vraiment en danger\u00a0aujourd\u2019hui ?\u00a0 Comment se prot\u00e9ger\u00a0? Est-ce que les m\u00e9canismes existants sont efficaces et suffisants\u00a0?\u00a0<\/p>\n\n\n\n<p>I\u2019d say yes, human rights are currently in danger. Even if not in the same way everywhere, questioning human rights can generate instability, violence and so on.<\/p>\n\n\n\n<p>Au conseil des droits de l\u2019homme des Nations Unies, on constate qu\u2019il est facile pour un pays de trouver une majorit\u00e9 hostile \u00e0 certain droit, \u00e0 certaine situation de la violation des droits de l\u2019homme.\u00a0<\/p>\n\n\n\n<p>Le champ d\u2019action afin de rem\u00e9dier tous ces probl\u00e8mes est assez vaste. Contribuer \u00e0 renforcer le processus d\u00e9mocratique au niveau national, promouvoir l\u2019\u00e9ducation la libert\u00e9 d\u2019expression et d\u2019opinion, l\u2019\u00e9galit\u00e9 des genres.<\/p>\n\n\n\n<p>We shouldn\u2019t think that international instruments are finished. We need to help improve them and make them more effective. For example, we need to improve the speed of implementation. We must continue to support the expression of civil society. We need to open up more space for civil society, not only in front of the UN but also outside the UN system. We must continue to promote the strengthening of national human rights institutions, created by the government in accordance with the Paris Principles, to guide the government in respecting human rights.<\/p>\n\n\n\n<p>La diversit\u00e9 humaine est une richesse, elle n\u2019est pas une menace. Il faut continuer \u00e0 prot\u00e9ger les minorit\u00e9s, les peuples indig\u00e8nes, c\u2019est fondamental.\u00a0<\/p>\n\n\n\n<p>Sans s\u00e9parer les droits, tous les droits doivent \u00eatre englob\u00e9s. Ils sont un et indivisible les droits \u00e9conomiques sociaux et culturels et les droits civils et politiques et tous les autres droits qui sont venus ajouter par la suite.\u00a0<\/p>\n\n\n\n<p>Il faut continuer \u00e0 am\u00e9liorer les m\u00e9canismes mais aussi il faut reformer les Nations Unies. Le conseil de S\u00e9curit\u00e9 est loin d\u2019\u00eatre d\u00e9mocratique et dans les travaux des m\u00e9canismes internationaux la soci\u00e9t\u00e9 civile doit devenir une partie plus prenante dans les d\u00e9cisions. Pour le moment ils sont seulement consult\u00e9s. Tous cela concours \u00e0 lutter contre les anti-d\u00e9mocraties et \u00e0 mettre en avant les droits de l\u2019homme.\u00a0<\/p>\n\n\n\n<p>At present, the UN\u2019s 2030 agenda is based on the objective of ensuring that the entire multilateral system, and all member states and the United Nations, move towards better protection of democracy and development. I recommend the text recently written by Ant\u00f3nio Guterres, entitled \u201cThe highest aspiration: A call to action for human rights 2020\u201d.<\/p>\n\n\n\n<figure class=\"wp-block-embed is-type-video is-provider-youtube wp-block-embed-youtube wp-embed-aspect-16-9 wp-has-aspect-ratio\"><div class=\"wp-block-embed__wrapper\">\n<div class=\"embed-container\"><iframe loading=\"lazy\" title=\"M\u00e9canismes relatifs aux droits de l\u2019homme et syst\u00e8mes anti-d\u00e9mocratiques avec M. Ricardo ESPINOSA,\" width=\"1140\" height=\"641\" src=\"https:\/\/www.youtube.com\/embed\/wNJbaQXz0No?feature=oembed\" frameborder=\"0\" allow=\"accelerometer; autoplay; clipboard-write; encrypted-media; gyroscope; picture-in-picture; web-share\" allowfullscreen><\/iframe><\/div>\n<\/div><\/figure>","protected":false},"excerpt":{"rendered":"<p>M. Espinosa talked during this webinar about Human rights mechanisms and anti-democratic systems. Drawing on his experience and knowledge, he introduces his&#8230;<\/p>","protected":false},"author":1,"featured_media":1831,"comment_status":"closed","ping_status":"open","sticky":false,"template":"","format":"standard","meta":{"give_campaign_id":0,"_uag_custom_page_level_css":"","footnotes":""},"categories":[22],"tags":[],"class_list":{"0":"post-3259","1":"post","2":"type-post","3":"status-publish","4":"format-standard","5":"has-post-thumbnail","7":"category-news-eng"},"uagb_featured_image_src":{"full":["https:\/\/assedel.org\/wp-content\/uploads\/2021\/08\/Copie-de-Copy-of-Lightbulbs-Save-Energy-Campaign-Poster.png",1024,1024,false],"thumbnail":["https:\/\/assedel.org\/wp-content\/uploads\/2021\/08\/Copie-de-Copy-of-Lightbulbs-Save-Energy-Campaign-Poster-150x150.png",150,150,true],"medium":["https:\/\/assedel.org\/wp-content\/uploads\/2021\/08\/Copie-de-Copy-of-Lightbulbs-Save-Energy-Campaign-Poster-300x300.png",300,300,true],"medium_large":["https:\/\/assedel.org\/wp-content\/uploads\/2021\/08\/Copie-de-Copy-of-Lightbulbs-Save-Energy-Campaign-Poster-768x768.png",768,768,true],"large":["https:\/\/assedel.org\/wp-content\/uploads\/2021\/08\/Copie-de-Copy-of-Lightbulbs-Save-Energy-Campaign-Poster-1024x1024.png",1024,1024,true],"1536x1536":["https:\/\/assedel.org\/wp-content\/uploads\/2021\/08\/Copie-de-Copy-of-Lightbulbs-Save-Energy-Campaign-Poster.png",1024,1024,false],"2048x2048":["https:\/\/assedel.org\/wp-content\/uploads\/2021\/08\/Copie-de-Copy-of-Lightbulbs-Save-Energy-Campaign-Poster.png",1024,1024,false],"trp-custom-language-flag":["https:\/\/assedel.org\/wp-content\/uploads\/2021\/08\/Copie-de-Copy-of-Lightbulbs-Save-Energy-Campaign-Poster.png",12,12,false],"inhype-blog-thumb":["https:\/\/assedel.org\/wp-content\/uploads\/2021\/08\/Copie-de-Copy-of-Lightbulbs-Save-Energy-Campaign-Poster.png",694,694,false],"inhype-blog-thumb-grid":["https:\/\/assedel.org\/wp-content\/uploads\/2021\/08\/Copie-de-Copy-of-Lightbulbs-Save-Energy-Campaign-Poster.png",360,360,false],"inhype-blog-thumb-widget":["https:\/\/assedel.org\/wp-content\/uploads\/2021\/08\/Copie-de-Copy-of-Lightbulbs-Save-Energy-Campaign-Poster.png",180,180,false],"inhype-blog-thumb-masonry":["https:\/\/assedel.org\/wp-content\/uploads\/2021\/08\/Copie-de-Copy-of-Lightbulbs-Save-Energy-Campaign-Poster.png",360,360,false]},"uagb_author_info":{"display_name":"assedel","author_link":"https:\/\/assedel.org\/fr\/author\/assedel\/"},"uagb_comment_info":0,"uagb_excerpt":"M. Espinosa talked during this webinar about Human rights mechanisms and anti-democratic systems. Drawing on his experience and knowledge, he introduces his...","amp_enabled":true,"_links":{"self":[{"href":"https:\/\/assedel.org\/fr\/wp-json\/wp\/v2\/posts\/3259","targetHints":{"allow":["GET"]}}],"collection":[{"href":"https:\/\/assedel.org\/fr\/wp-json\/wp\/v2\/posts"}],"about":[{"href":"https:\/\/assedel.org\/fr\/wp-json\/wp\/v2\/types\/post"}],"author":[{"embeddable":true,"href":"https:\/\/assedel.org\/fr\/wp-json\/wp\/v2\/users\/1"}],"replies":[{"embeddable":true,"href":"https:\/\/assedel.org\/fr\/wp-json\/wp\/v2\/comments?post=3259"}],"version-history":[{"count":3,"href":"https:\/\/assedel.org\/fr\/wp-json\/wp\/v2\/posts\/3259\/revisions"}],"predecessor-version":[{"id":3344,"href":"https:\/\/assedel.org\/fr\/wp-json\/wp\/v2\/posts\/3259\/revisions\/3344"}],"wp:featuredmedia":[{"embeddable":true,"href":"https:\/\/assedel.org\/fr\/wp-json\/wp\/v2\/media\/1831"}],"wp:attachment":[{"href":"https:\/\/assedel.org\/fr\/wp-json\/wp\/v2\/media?parent=3259"}],"wp:term":[{"taxonomy":"category","embeddable":true,"href":"https:\/\/assedel.org\/fr\/wp-json\/wp\/v2\/categories?post=3259"},{"taxonomy":"post_tag","embeddable":true,"href":"https:\/\/assedel.org\/fr\/wp-json\/wp\/v2\/tags?post=3259"}],"curies":[{"name":"wp","href":"https:\/\/api.w.org\/{rel}","templated":true}]}}