
{"id":3204,"date":"2023-05-03T13:25:26","date_gmt":"2023-05-03T13:25:26","guid":{"rendered":"https:\/\/assedel.org\/?p=3204"},"modified":"2024-03-30T16:08:23","modified_gmt":"2024-03-30T16:08:23","slug":"assedel-submits-its-report-on-childrens-rights-to-the-un-committee-on-the-rights-of-the-child","status":"publish","type":"post","link":"https:\/\/assedel.org\/fr\/assedel-submits-its-report-on-childrens-rights-to-the-un-committee-on-the-rights-of-the-child\/","title":{"rendered":"L\u2019ASSEDEL soumet son rapport sur les droits de l\u2019enfant au comit\u00e9 Nations Unies sur les droits de l\u2019enfant"},"content":{"rendered":"<p>L\u2019ASSEDEL r\u00e9pond \u00e0 l\u2019appel du comit\u00e9 des Nations Unies sur les droits de l\u2019enfant \u00e0 commenter le projet d\u2019observations g\u00e9n\u00e9rales sur les droits de l\u2019enfant et l\u2019environnement avec un int\u00e9r\u00eat particulier port\u00e9 au changement climatique.<\/p>\n\n\n\n<p>Le rapport de l\u2019ASSEDEL souligne trois enjeux cruciaux\u00a0: a) le droit \u00e0 l\u2019\u00e9ducation des enfants mineurs issues de familles de migrants. b) La maltraitance des enfants et le mariage forc\u00e9, et c) le statut d\u00e9plorable des enfants d\u00e9pendants qui grandissent en prison avec leurs m\u00e8res.<\/p>\n\n\n\n<p>Pour lire l'int\u00e9gralit\u00e9 de la soumission, veuillez cliquer <strong><em><a href=\"https:\/\/assedel.org\/wp-content\/uploads\/2023\/05\/2023-Turkey-Child-Rapport1.pdf\" target=\"_blank\" rel=\"noreferrer noopener\">ici.<\/a><\/em><\/strong> <\/p>","protected":false},"excerpt":{"rendered":"<p>ASSEDEL responds to the call of the UN Committee on the Rights of the Child for comments on the draft general comment&#8230;<\/p>","protected":false},"author":1,"featured_media":3208,"comment_status":"open","ping_status":"open","sticky":false,"template":"","format":"standard","meta":{"give_campaign_id":0,"_uag_custom_page_level_css":"","footnotes":""},"categories":[29,32],"tags":[],"class_list":{"0":"post-3204","1":"post","2":"type-post","3":"status-publish","4":"format-standard","5":"has-post-thumbnail","7":"category-submissions-eng","8":"category-united-nations-eng"},"uagb_featured_image_src":{"full":["https:\/\/assedel.org\/wp-content\/uploads\/2023\/05\/to-my1.png",1200,675,false],"thumbnail":["https:\/\/assedel.org\/wp-content\/uploads\/2023\/05\/to-my1-150x150.png",150,150,true],"medium":["https:\/\/assedel.org\/wp-content\/uploads\/2023\/05\/to-my1-300x169.png",300,169,true],"medium_large":["https:\/\/assedel.org\/wp-content\/uploads\/2023\/05\/to-my1-768x432.png",768,432,true],"large":["https:\/\/assedel.org\/wp-content\/uploads\/2023\/05\/to-my1-1024x576.png",1024,576,true],"1536x1536":["https:\/\/assedel.org\/wp-content\/uploads\/2023\/05\/to-my1.png",1200,675,false],"2048x2048":["https:\/\/assedel.org\/wp-content\/uploads\/2023\/05\/to-my1.png",1200,675,false],"trp-custom-language-flag":["https:\/\/assedel.org\/wp-content\/uploads\/2023\/05\/to-my1.png",18,10,false],"inhype-blog-thumb":["https:\/\/assedel.org\/wp-content\/uploads\/2023\/05\/to-my1-1140x675.png",1140,675,true],"inhype-blog-thumb-grid":["https:\/\/assedel.org\/wp-content\/uploads\/2023\/05\/to-my1-555x360.png",555,360,true],"inhype-blog-thumb-widget":["https:\/\/assedel.org\/wp-content\/uploads\/2023\/05\/to-my1-220x180.png",220,180,true],"inhype-blog-thumb-masonry":["https:\/\/assedel.org\/wp-content\/uploads\/2023\/05\/to-my1-360x203.png",360,203,true]},"uagb_author_info":{"display_name":"assedel","author_link":"https:\/\/assedel.org\/fr\/author\/assedel\/"},"uagb_comment_info":0,"uagb_excerpt":"ASSEDEL responds to the call of the UN Committee on the Rights of the Child for comments on the draft general comment...","amp_enabled":true,"_links":{"self":[{"href":"https:\/\/assedel.org\/fr\/wp-json\/wp\/v2\/posts\/3204","targetHints":{"allow":["GET"]}}],"collection":[{"href":"https:\/\/assedel.org\/fr\/wp-json\/wp\/v2\/posts"}],"about":[{"href":"https:\/\/assedel.org\/fr\/wp-json\/wp\/v2\/types\/post"}],"author":[{"embeddable":true,"href":"https:\/\/assedel.org\/fr\/wp-json\/wp\/v2\/users\/1"}],"replies":[{"embeddable":true,"href":"https:\/\/assedel.org\/fr\/wp-json\/wp\/v2\/comments?post=3204"}],"version-history":[{"count":2,"href":"https:\/\/assedel.org\/fr\/wp-json\/wp\/v2\/posts\/3204\/revisions"}],"predecessor-version":[{"id":4520,"href":"https:\/\/assedel.org\/fr\/wp-json\/wp\/v2\/posts\/3204\/revisions\/4520"}],"wp:featuredmedia":[{"embeddable":true,"href":"https:\/\/assedel.org\/fr\/wp-json\/wp\/v2\/media\/3208"}],"wp:attachment":[{"href":"https:\/\/assedel.org\/fr\/wp-json\/wp\/v2\/media?parent=3204"}],"wp:term":[{"taxonomy":"category","embeddable":true,"href":"https:\/\/assedel.org\/fr\/wp-json\/wp\/v2\/categories?post=3204"},{"taxonomy":"post_tag","embeddable":true,"href":"https:\/\/assedel.org\/fr\/wp-json\/wp\/v2\/tags?post=3204"}],"curies":[{"name":"wp","href":"https:\/\/api.w.org\/{rel}","templated":true}]}}