
{"id":3165,"date":"2023-01-25T00:52:00","date_gmt":"2023-01-25T00:52:00","guid":{"rendered":"https:\/\/assedel.org\/?p=3165"},"modified":"2024-03-30T16:20:37","modified_gmt":"2024-03-30T16:20:37","slug":"lassedel-a-contribue-a-lappel-de-la-rapporteuse-speciale-sur-la-promotion-et-la-protection-des-droits-de-lhomme-et-des-libertes-fondamentales-dans-la-lutte-antiterroriste","status":"publish","type":"post","link":"https:\/\/assedel.org\/fr\/lassedel-a-contribue-a-lappel-de-la-rapporteuse-speciale-sur-la-promotion-et-la-protection-des-droits-de-lhomme-et-des-libertes-fondamentales-dans-la-lutte-antiterroriste\/","title":{"rendered":"L&#8217;ASSEDEL a contribu\u00e9 \u00e0 l&#8217;appel de la Rapporteuse sp\u00e9ciale sur la promotion et la protection des droits de l\u2019homme et des libert\u00e9s fondamentales dans la lutte antiterroriste"},"content":{"rendered":"<p>Dans le cadre de l\u2019\u00e9tude globale sur l\u2019impact des mesures antiterroristes sur la soci\u00e9t\u00e9 civile et l\u2019espace civique, l\u2019ASSEDEL a soumis un rapport sur les pratiques de d\u00e9cisions arbitraires du syst\u00e8me juridique turc qui ont commenc\u00e9 apr\u00e8s les affaires de corruption 17\/25 et qui ont atteint son apog\u00e9e apr\u00e8s la tentative de coup d\u2019\u00c9tat de juillet 2016.<\/p>\n\n\n\n<p>Le texte souligne la fa\u00e7on dont les syst\u00e8mes juridiques nationaux et internationaux ont \u00e9t\u00e9 affect\u00e9s et comment les grands principes tels que les principes \u201cde l\u00e9galit\u00e9 et de s\u00fbret\u00e9\u201d et le \u201cprincipe universel de non-r\u00e9troactivit\u00e9\u201d ont \u00e9t\u00e9 ignor\u00e9s dans le pays pour licencier et emprisonner les citoyens.<\/p>\n\n\n\n<p>Pour lire l\u2019int\u00e9gralit\u00e9 de notre rapport, veuillez cliquer <strong><em><a href=\"https:\/\/assedel.org\/wp-content\/uploads\/2023\/02\/Communication-of-ASSEDEL-to-UN-Special-Rapporteur-on-the-Promotion-and-Protection-of-Human-Rights-and-Fundamental-Freedoms-while-Countering-Terrorism.pdf\" target=\"_blank\" rel=\"noreferrer noopener\">ici.<\/a><\/em><\/strong><\/p>\n\n\n\n<p>Apr\u00e8s la soumission, le nom de notre association a \u00e9t\u00e9 plac\u00e9 sur le site web de l\u2019initiative du rapporteur sp\u00e9cial en tant que contributeur et est disponible <strong><em><a href=\"https:\/\/defendcivicspace.com\/about\/\" target=\"_blank\" rel=\"noreferrer noopener\">ici.<\/a><\/em><\/strong><\/p>","protected":false},"excerpt":{"rendered":"<p>Dans le cadre de l\u2019\u00e9tude globale sur l\u2019impact des mesures antiterroristes sur la soci\u00e9t\u00e9 civile et l\u2019espace civique, l\u2019ASSEDEL a soumis un&#8230;<\/p>","protected":false},"author":1,"featured_media":3111,"comment_status":"open","ping_status":"open","sticky":false,"template":"","format":"standard","meta":{"give_campaign_id":0,"_uag_custom_page_level_css":"","footnotes":""},"categories":[83,81],"tags":[],"class_list":{"0":"post-3165","1":"post","2":"type-post","3":"status-publish","4":"format-standard","5":"has-post-thumbnail","7":"category-nations-unies","8":"category-soumissions"},"uagb_featured_image_src":{"full":["https:\/\/assedel.org\/wp-content\/uploads\/2023\/01\/Assedel6.png",1665,1080,false],"thumbnail":["https:\/\/assedel.org\/wp-content\/uploads\/2023\/01\/Assedel6-150x150.png",150,150,true],"medium":["https:\/\/assedel.org\/wp-content\/uploads\/2023\/01\/Assedel6-300x195.png",300,195,true],"medium_large":["https:\/\/assedel.org\/wp-content\/uploads\/2023\/01\/Assedel6-768x498.png",768,498,true],"large":["https:\/\/assedel.org\/wp-content\/uploads\/2023\/01\/Assedel6-1024x664.png",1024,664,true],"1536x1536":["https:\/\/assedel.org\/wp-content\/uploads\/2023\/01\/Assedel6-1536x996.png",1536,996,true],"2048x2048":["https:\/\/assedel.org\/wp-content\/uploads\/2023\/01\/Assedel6.png",1665,1080,false],"trp-custom-language-flag":["https:\/\/assedel.org\/wp-content\/uploads\/2023\/01\/Assedel6.png",18,12,false],"inhype-blog-thumb":["https:\/\/assedel.org\/wp-content\/uploads\/2023\/01\/Assedel6-1140x694.png",1140,694,true],"inhype-blog-thumb-grid":["https:\/\/assedel.org\/wp-content\/uploads\/2023\/01\/Assedel6-555x360.png",555,360,true],"inhype-blog-thumb-widget":["https:\/\/assedel.org\/wp-content\/uploads\/2023\/01\/Assedel6-220x180.png",220,180,true],"inhype-blog-thumb-masonry":["https:\/\/assedel.org\/wp-content\/uploads\/2023\/01\/Assedel6-360x234.png",360,234,true]},"uagb_author_info":{"display_name":"assedel","author_link":"https:\/\/assedel.org\/fr\/author\/assedel\/"},"uagb_comment_info":0,"uagb_excerpt":"Dans le cadre de l\u2019\u00e9tude globale sur l\u2019impact des mesures antiterroristes sur la soci\u00e9t\u00e9 civile et l\u2019espace civique, l\u2019ASSEDEL a soumis un...","amp_enabled":true,"_links":{"self":[{"href":"https:\/\/assedel.org\/fr\/wp-json\/wp\/v2\/posts\/3165","targetHints":{"allow":["GET"]}}],"collection":[{"href":"https:\/\/assedel.org\/fr\/wp-json\/wp\/v2\/posts"}],"about":[{"href":"https:\/\/assedel.org\/fr\/wp-json\/wp\/v2\/types\/post"}],"author":[{"embeddable":true,"href":"https:\/\/assedel.org\/fr\/wp-json\/wp\/v2\/users\/1"}],"replies":[{"embeddable":true,"href":"https:\/\/assedel.org\/fr\/wp-json\/wp\/v2\/comments?post=3165"}],"version-history":[{"count":3,"href":"https:\/\/assedel.org\/fr\/wp-json\/wp\/v2\/posts\/3165\/revisions"}],"predecessor-version":[{"id":4540,"href":"https:\/\/assedel.org\/fr\/wp-json\/wp\/v2\/posts\/3165\/revisions\/4540"}],"wp:featuredmedia":[{"embeddable":true,"href":"https:\/\/assedel.org\/fr\/wp-json\/wp\/v2\/media\/3111"}],"wp:attachment":[{"href":"https:\/\/assedel.org\/fr\/wp-json\/wp\/v2\/media?parent=3165"}],"wp:term":[{"taxonomy":"category","embeddable":true,"href":"https:\/\/assedel.org\/fr\/wp-json\/wp\/v2\/categories?post=3165"},{"taxonomy":"post_tag","embeddable":true,"href":"https:\/\/assedel.org\/fr\/wp-json\/wp\/v2\/tags?post=3165"}],"curies":[{"name":"wp","href":"https:\/\/api.w.org\/{rel}","templated":true}]}}