
{"id":3127,"date":"2023-01-30T20:12:47","date_gmt":"2023-01-30T20:12:47","guid":{"rendered":"https:\/\/assedel.org\/?p=3127"},"modified":"2024-03-30T16:19:16","modified_gmt":"2024-03-30T16:19:16","slug":"assedel-a-contacte-le-rapporteur-special-des-nations-unies-sur-le-droit-a-leducation-pour-les-pays-bas-2","status":"publish","type":"post","link":"https:\/\/assedel.org\/fr\/assedel-a-contacte-le-rapporteur-special-des-nations-unies-sur-le-droit-a-leducation-pour-les-pays-bas-2\/","title":{"rendered":"ASSEDEL a contact\u00e9 le Rapporteur sp\u00e9cial des Nations Unies sur le droit \u00e0 l&#8217;\u00e9ducation pour les Pays-Bas"},"content":{"rendered":"<p>\u00c0 quatre occasions diff\u00e9rentes, ASSEDEL a fait part \u00e0 trois rapporteurs de l\u2019ONU des plaintes de parents concernant le droit \u00e0 l\u2019\u00e9ducation de leurs enfants mineurs aux Pays-Bas. Les principaux probl\u00e8mes sont li\u00e9s aux proc\u00e9dures d\u2019asile inefficaces et mal anticip\u00e9es aux Pays-Bas. Les parents se plaignent du transfert des familles sans leur consentement vers une autre r\u00e9gion du pays o\u00f9 un syst\u00e8me d\u2019\u00e9ducation et de classement diff\u00e9rent s\u2019applique.<\/p>\n\n\n\n<p>Le rapport a \u00e9t\u00e9 pr\u00e9sent\u00e9 au Rapporteur sp\u00e9cial des Nations Unies sur les droits de l\u2019homme des migrants, au Rapporteur sp\u00e9cial des Nations Unies sur le droit \u00e0 l\u2019\u00e9ducation et au Rapporteur sp\u00e9cial des Nations Unies sur les questions relatives aux minorit\u00e9s, et a demand\u00e9 une enqu\u00eate sur ces questions afin de prot\u00e9ger le droit \u00e0 l\u2019\u00e9ducation des enfants mineurs.<\/p>\n\n\n\n<p>Pour lire le rapport dans son int\u00e9gralit\u00e9, veuillez cliquer <strong><em><a href=\"https:\/\/assedel.org\/wp-content\/uploads\/2023\/01\/Communications-of-Assedel-on-The-Right-to-Education-in-the-Netherlands-web.pdf\" target=\"_blank\" rel=\"noreferrer noopener\">ici.<\/a><\/em><\/strong><\/p>","protected":false},"excerpt":{"rendered":"<p>\u00c0 quatre occasions diff\u00e9rentes, ASSEDEL a fait part \u00e0 trois rapporteurs de l\u2019ONU des plaintes de parents concernant le droit \u00e0 l\u2019\u00e9ducation&#8230;<\/p>","protected":false},"author":1,"featured_media":3045,"comment_status":"open","ping_status":"open","sticky":false,"template":"","format":"standard","meta":{"give_campaign_id":0,"_uag_custom_page_level_css":"","footnotes":""},"categories":[83,81],"tags":[],"class_list":{"0":"post-3127","1":"post","2":"type-post","3":"status-publish","4":"format-standard","5":"has-post-thumbnail","7":"category-nations-unies","8":"category-soumissions"},"uagb_featured_image_src":{"full":["https:\/\/assedel.org\/wp-content\/uploads\/2023\/01\/2.png",1665,1080,false],"thumbnail":["https:\/\/assedel.org\/wp-content\/uploads\/2023\/01\/2-150x150.png",150,150,true],"medium":["https:\/\/assedel.org\/wp-content\/uploads\/2023\/01\/2-300x195.png",300,195,true],"medium_large":["https:\/\/assedel.org\/wp-content\/uploads\/2023\/01\/2-768x498.png",768,498,true],"large":["https:\/\/assedel.org\/wp-content\/uploads\/2023\/01\/2-1024x664.png",1024,664,true],"1536x1536":["https:\/\/assedel.org\/wp-content\/uploads\/2023\/01\/2-1536x996.png",1536,996,true],"2048x2048":["https:\/\/assedel.org\/wp-content\/uploads\/2023\/01\/2.png",1665,1080,false],"trp-custom-language-flag":["https:\/\/assedel.org\/wp-content\/uploads\/2023\/01\/2.png",18,12,false],"inhype-blog-thumb":["https:\/\/assedel.org\/wp-content\/uploads\/2023\/01\/2-1140x694.png",1140,694,true],"inhype-blog-thumb-grid":["https:\/\/assedel.org\/wp-content\/uploads\/2023\/01\/2-555x360.png",555,360,true],"inhype-blog-thumb-widget":["https:\/\/assedel.org\/wp-content\/uploads\/2023\/01\/2-220x180.png",220,180,true],"inhype-blog-thumb-masonry":["https:\/\/assedel.org\/wp-content\/uploads\/2023\/01\/2-360x234.png",360,234,true]},"uagb_author_info":{"display_name":"assedel","author_link":"https:\/\/assedel.org\/fr\/author\/assedel\/"},"uagb_comment_info":0,"uagb_excerpt":"\u00c0 quatre occasions diff\u00e9rentes, ASSEDEL a fait part \u00e0 trois rapporteurs de l\u2019ONU des plaintes de parents concernant le droit \u00e0 l\u2019\u00e9ducation...","amp_enabled":true,"_links":{"self":[{"href":"https:\/\/assedel.org\/fr\/wp-json\/wp\/v2\/posts\/3127","targetHints":{"allow":["GET"]}}],"collection":[{"href":"https:\/\/assedel.org\/fr\/wp-json\/wp\/v2\/posts"}],"about":[{"href":"https:\/\/assedel.org\/fr\/wp-json\/wp\/v2\/types\/post"}],"author":[{"embeddable":true,"href":"https:\/\/assedel.org\/fr\/wp-json\/wp\/v2\/users\/1"}],"replies":[{"embeddable":true,"href":"https:\/\/assedel.org\/fr\/wp-json\/wp\/v2\/comments?post=3127"}],"version-history":[{"count":2,"href":"https:\/\/assedel.org\/fr\/wp-json\/wp\/v2\/posts\/3127\/revisions"}],"predecessor-version":[{"id":4534,"href":"https:\/\/assedel.org\/fr\/wp-json\/wp\/v2\/posts\/3127\/revisions\/4534"}],"wp:featuredmedia":[{"embeddable":true,"href":"https:\/\/assedel.org\/fr\/wp-json\/wp\/v2\/media\/3045"}],"wp:attachment":[{"href":"https:\/\/assedel.org\/fr\/wp-json\/wp\/v2\/media?parent=3127"}],"wp:term":[{"taxonomy":"category","embeddable":true,"href":"https:\/\/assedel.org\/fr\/wp-json\/wp\/v2\/categories?post=3127"},{"taxonomy":"post_tag","embeddable":true,"href":"https:\/\/assedel.org\/fr\/wp-json\/wp\/v2\/tags?post=3127"}],"curies":[{"name":"wp","href":"https:\/\/api.w.org\/{rel}","templated":true}]}}