
{"id":2673,"date":"2021-06-09T23:52:03","date_gmt":"2021-06-09T23:52:03","guid":{"rendered":"https:\/\/assedel.org\/?p=2673"},"modified":"2023-01-21T21:00:44","modified_gmt":"2023-01-21T21:00:44","slug":"reponse-de-lassedel-a-lappel-a-contribution-et-a-la-responsabilite-pour-le-rapport-du-rapporteur-special-sur-la-torture-et-autres-peines-ou-traitements-cruels-inhumains-ou-degradants-pour-la-76em","status":"publish","type":"post","link":"https:\/\/assedel.org\/fr\/reponse-de-lassedel-a-lappel-a-contribution-et-a-la-responsabilite-pour-le-rapport-du-rapporteur-special-sur-la-torture-et-autres-peines-ou-traitements-cruels-inhumains-ou-degradants-pour-la-76em\/","title":{"rendered":"R\u00e9ponse de l&#8217;ASSEDEL \u00e0 l&#8217;appel \u00e0 contribution et \u00e0 la responsabilit\u00e9 pour le Rapport du Rapporteur sp\u00e9cial sur la torture et autres peines ou traitements cruels, inhumains ou d\u00e9gradants pour la 76\u00e8me Assembl\u00e9e G\u00e9n\u00e9rale des Nations Unies"},"content":{"rendered":"<p>ASSEDEL souligne que l\u2019un des obstacles les plus cruciaux qui contribuent \u00e0 l\u2019actuel manque de responsabilit\u00e9 mondiale en mati\u00e8re de torture et de mauvais traitements est que, dans une certaine mesure, les violations des droits de l\u2019homme ne constituent pas un sujet prioritaire dans l\u2019agenda de certains pays d\u00e9mocratiques.<\/p>\n\n\n\n<p>L\u2019ASSEDEL propose d\u2019\u00e9tendre la d\u00e9finition de la torture afin que les dimensions psychologiques pour les proches, les parents et les connaissances de la personne maltrait\u00e9e ainsi que la conscience publique soient incluses dans les d\u00e9finitions officielles et dans les articles pertinents du droit p\u00e9nal.<\/p>\n\n\n\n<p>Pour lire le rapport dans son int\u00e9gralit\u00e9, veuillez cliquer <strong><em><a href=\"https:\/\/assedel.org\/wp-content\/uploads\/2021\/05\/Accountability-for-Torture-and-Other-Cruel-Inhuman-or-Degrading-Treatment-or-Punishment-by-ASSEDEL.pdf\" target=\"_blank\" rel=\"noreferrer noopener\">ici.<\/a><\/em><\/strong><\/p>","protected":false},"excerpt":{"rendered":"<p>ASSEDEL souligne que l\u2019un des obstacles les plus cruciaux qui contribuent \u00e0 l\u2019actuel manque de responsabilit\u00e9 mondiale en mati\u00e8re de torture et&#8230;<\/p>","protected":false},"author":1,"featured_media":1644,"comment_status":"closed","ping_status":"open","sticky":false,"template":"","format":"standard","meta":{"give_campaign_id":0,"_uag_custom_page_level_css":"","footnotes":""},"categories":[83,81],"tags":[],"class_list":{"0":"post-2673","1":"post","2":"type-post","3":"status-publish","4":"format-standard","5":"has-post-thumbnail","7":"category-nations-unies","8":"category-soumissions"},"uagb_featured_image_src":{"full":["https:\/\/assedel.org\/wp-content\/uploads\/2021\/05\/Sans-titre-1.png",1024,1024,false],"thumbnail":["https:\/\/assedel.org\/wp-content\/uploads\/2021\/05\/Sans-titre-1-150x150.png",150,150,true],"medium":["https:\/\/assedel.org\/wp-content\/uploads\/2021\/05\/Sans-titre-1-300x300.png",300,300,true],"medium_large":["https:\/\/assedel.org\/wp-content\/uploads\/2021\/05\/Sans-titre-1-768x768.png",768,768,true],"large":["https:\/\/assedel.org\/wp-content\/uploads\/2021\/05\/Sans-titre-1-1024x1024.png",1024,1024,true],"1536x1536":["https:\/\/assedel.org\/wp-content\/uploads\/2021\/05\/Sans-titre-1.png",1024,1024,false],"2048x2048":["https:\/\/assedel.org\/wp-content\/uploads\/2021\/05\/Sans-titre-1.png",1024,1024,false],"trp-custom-language-flag":["https:\/\/assedel.org\/wp-content\/uploads\/2021\/05\/Sans-titre-1.png",12,12,false],"inhype-blog-thumb":["https:\/\/assedel.org\/wp-content\/uploads\/2021\/05\/Sans-titre-1.png",694,694,false],"inhype-blog-thumb-grid":["https:\/\/assedel.org\/wp-content\/uploads\/2021\/05\/Sans-titre-1.png",360,360,false],"inhype-blog-thumb-widget":["https:\/\/assedel.org\/wp-content\/uploads\/2021\/05\/Sans-titre-1.png",180,180,false],"inhype-blog-thumb-masonry":["https:\/\/assedel.org\/wp-content\/uploads\/2021\/05\/Sans-titre-1.png",360,360,false]},"uagb_author_info":{"display_name":"assedel","author_link":"https:\/\/assedel.org\/fr\/author\/assedel\/"},"uagb_comment_info":0,"uagb_excerpt":"ASSEDEL souligne que l\u2019un des obstacles les plus cruciaux qui contribuent \u00e0 l\u2019actuel manque de responsabilit\u00e9 mondiale en mati\u00e8re de torture et...","amp_enabled":true,"_links":{"self":[{"href":"https:\/\/assedel.org\/fr\/wp-json\/wp\/v2\/posts\/2673","targetHints":{"allow":["GET"]}}],"collection":[{"href":"https:\/\/assedel.org\/fr\/wp-json\/wp\/v2\/posts"}],"about":[{"href":"https:\/\/assedel.org\/fr\/wp-json\/wp\/v2\/types\/post"}],"author":[{"embeddable":true,"href":"https:\/\/assedel.org\/fr\/wp-json\/wp\/v2\/users\/1"}],"replies":[{"embeddable":true,"href":"https:\/\/assedel.org\/fr\/wp-json\/wp\/v2\/comments?post=2673"}],"version-history":[{"count":1,"href":"https:\/\/assedel.org\/fr\/wp-json\/wp\/v2\/posts\/2673\/revisions"}],"predecessor-version":[{"id":2674,"href":"https:\/\/assedel.org\/fr\/wp-json\/wp\/v2\/posts\/2673\/revisions\/2674"}],"wp:featuredmedia":[{"embeddable":true,"href":"https:\/\/assedel.org\/fr\/wp-json\/wp\/v2\/media\/1644"}],"wp:attachment":[{"href":"https:\/\/assedel.org\/fr\/wp-json\/wp\/v2\/media?parent=2673"}],"wp:term":[{"taxonomy":"category","embeddable":true,"href":"https:\/\/assedel.org\/fr\/wp-json\/wp\/v2\/categories?post=2673"},{"taxonomy":"post_tag","embeddable":true,"href":"https:\/\/assedel.org\/fr\/wp-json\/wp\/v2\/tags?post=2673"}],"curies":[{"name":"wp","href":"https:\/\/api.w.org\/{rel}","templated":true}]}}