
{"id":2538,"date":"2021-10-17T13:53:53","date_gmt":"2021-10-17T13:53:53","guid":{"rendered":"https:\/\/assedel.org\/?p=2538"},"modified":"2023-01-21T21:00:23","modified_gmt":"2023-01-21T21:00:23","slug":"assedel-est-candidat-au-prix-des-droits-de-lhomme-de-la-republique-francaise-liberte-egalite-fraternite-edition-2021","status":"publish","type":"post","link":"https:\/\/assedel.org\/fr\/assedel-est-candidat-au-prix-des-droits-de-lhomme-de-la-republique-francaise-liberte-egalite-fraternite-edition-2021\/","title":{"rendered":"ASSEDEL est candidat au Prix des Droits de l&#8217;Homme de la R\u00e9publique Fran\u00e7aise &#8221; Libert\u00e9, \u00c9galit\u00e9, Fraternit\u00e9 &#8221; Edition 2021"},"content":{"rendered":"<p class=\"has-black-color has-text-color\">\u201d Le Prix des Droits de l\u2019Homme de la R\u00e9publique fran\u00e7aise -Libert\u00e9 \u2013 Egalit\u00e9 \u2013 Fraternit\u00e9 \u201d est destin\u00e9 \u00e0 r\u00e9compenser des actions de terrain et des projets, individuels ou collectifs, relatifs \u00e0 la protection effective et \u00e0 la promotion des droits de l\u2019homme. Le prix est d\u00e9cern\u00e9 le 10 d\u00e9cembre de chaque ann\u00e9e depuis 1988, \u00e0 l\u2019occasion de la Journ\u00e9e des droits de l\u2019homme proclam\u00e9e par les Nations unies.<\/p>\n\n\n\n<p class=\"has-black-color has-text-color\">L\u2019objectif du prix est de reconna\u00eetre le r\u00f4le fondamental de la soci\u00e9t\u00e9 civile dans la promotion et la protection des droits de l\u2019homme dans le monde entier. Depuis sa cr\u00e9ation, le prix a \u00e9t\u00e9 d\u00e9cern\u00e9 \u00e0 des organisations non gouvernementales (ONG) et \u00e0 des acteurs individuels, sans distinction de nationalit\u00e9 ou de fronti\u00e8res.<\/p>\n\n\n\n<p class=\"has-black-color has-text-color\">Le prix est financ\u00e9 par le Premier ministre du Gouvernement fran\u00e7ais et l\u2019organisation est assur\u00e9e par la Commission nationale consultative des Droits de l\u2019homme (CNCDH).<\/p>\n\n\n\n<p class=\"has-black-color has-text-color\">Pour lire notre formulaire de candidature, veuillez cliquer <strong><em><a href=\"https:\/\/assedel.org\/wp-content\/uploads\/2021\/10\/formulaire_de_candidature_2021-ASSEDELv2.pdf\" target=\"_blank\" rel=\"noreferrer noopener\">ici.<\/a><\/em><\/strong><\/p>","protected":false},"excerpt":{"rendered":"<p>\u201d Le Prix des Droits de l\u2019Homme de la R\u00e9publique fran\u00e7aise -Libert\u00e9 \u2013 Egalit\u00e9 \u2013 Fraternit\u00e9 \u201d est destin\u00e9 \u00e0 r\u00e9compenser des&#8230;<\/p>","protected":false},"author":1,"featured_media":2577,"comment_status":"closed","ping_status":"open","sticky":false,"template":"","format":"standard","meta":{"give_campaign_id":0,"_uag_custom_page_level_css":"","footnotes":""},"categories":[92],"tags":[],"class_list":{"0":"post-2538","1":"post","2":"type-post","3":"status-publish","4":"format-standard","5":"has-post-thumbnail","7":"category-actualites-fr"},"uagb_featured_image_src":{"full":["https:\/\/assedel.org\/wp-content\/uploads\/2021\/10\/Modern-Red-Certificate-of-Appreciation-1200-x-675-px1.png",1200,675,false],"thumbnail":["https:\/\/assedel.org\/wp-content\/uploads\/2021\/10\/Modern-Red-Certificate-of-Appreciation-1200-x-675-px1-150x150.png",150,150,true],"medium":["https:\/\/assedel.org\/wp-content\/uploads\/2021\/10\/Modern-Red-Certificate-of-Appreciation-1200-x-675-px1-300x169.png",300,169,true],"medium_large":["https:\/\/assedel.org\/wp-content\/uploads\/2021\/10\/Modern-Red-Certificate-of-Appreciation-1200-x-675-px1-768x432.png",768,432,true],"large":["https:\/\/assedel.org\/wp-content\/uploads\/2021\/10\/Modern-Red-Certificate-of-Appreciation-1200-x-675-px1-1024x576.png",1024,576,true],"1536x1536":["https:\/\/assedel.org\/wp-content\/uploads\/2021\/10\/Modern-Red-Certificate-of-Appreciation-1200-x-675-px1.png",1200,675,false],"2048x2048":["https:\/\/assedel.org\/wp-content\/uploads\/2021\/10\/Modern-Red-Certificate-of-Appreciation-1200-x-675-px1.png",1200,675,false],"trp-custom-language-flag":["https:\/\/assedel.org\/wp-content\/uploads\/2021\/10\/Modern-Red-Certificate-of-Appreciation-1200-x-675-px1.png",18,10,false],"inhype-blog-thumb":["https:\/\/assedel.org\/wp-content\/uploads\/2021\/10\/Modern-Red-Certificate-of-Appreciation-1200-x-675-px1-1140x675.png",1140,675,true],"inhype-blog-thumb-grid":["https:\/\/assedel.org\/wp-content\/uploads\/2021\/10\/Modern-Red-Certificate-of-Appreciation-1200-x-675-px1-555x360.png",555,360,true],"inhype-blog-thumb-widget":["https:\/\/assedel.org\/wp-content\/uploads\/2021\/10\/Modern-Red-Certificate-of-Appreciation-1200-x-675-px1-220x180.png",220,180,true],"inhype-blog-thumb-masonry":["https:\/\/assedel.org\/wp-content\/uploads\/2021\/10\/Modern-Red-Certificate-of-Appreciation-1200-x-675-px1-360x203.png",360,203,true]},"uagb_author_info":{"display_name":"assedel","author_link":"https:\/\/assedel.org\/fr\/author\/assedel\/"},"uagb_comment_info":0,"uagb_excerpt":"\u201d Le Prix des Droits de l\u2019Homme de la R\u00e9publique fran\u00e7aise -Libert\u00e9 \u2013 Egalit\u00e9 \u2013 Fraternit\u00e9 \u201d est destin\u00e9 \u00e0 r\u00e9compenser des...","amp_enabled":true,"_links":{"self":[{"href":"https:\/\/assedel.org\/fr\/wp-json\/wp\/v2\/posts\/2538","targetHints":{"allow":["GET"]}}],"collection":[{"href":"https:\/\/assedel.org\/fr\/wp-json\/wp\/v2\/posts"}],"about":[{"href":"https:\/\/assedel.org\/fr\/wp-json\/wp\/v2\/types\/post"}],"author":[{"embeddable":true,"href":"https:\/\/assedel.org\/fr\/wp-json\/wp\/v2\/users\/1"}],"replies":[{"embeddable":true,"href":"https:\/\/assedel.org\/fr\/wp-json\/wp\/v2\/comments?post=2538"}],"version-history":[{"count":1,"href":"https:\/\/assedel.org\/fr\/wp-json\/wp\/v2\/posts\/2538\/revisions"}],"predecessor-version":[{"id":2539,"href":"https:\/\/assedel.org\/fr\/wp-json\/wp\/v2\/posts\/2538\/revisions\/2539"}],"wp:featuredmedia":[{"embeddable":true,"href":"https:\/\/assedel.org\/fr\/wp-json\/wp\/v2\/media\/2577"}],"wp:attachment":[{"href":"https:\/\/assedel.org\/fr\/wp-json\/wp\/v2\/media?parent=2538"}],"wp:term":[{"taxonomy":"category","embeddable":true,"href":"https:\/\/assedel.org\/fr\/wp-json\/wp\/v2\/categories?post=2538"},{"taxonomy":"post_tag","embeddable":true,"href":"https:\/\/assedel.org\/fr\/wp-json\/wp\/v2\/tags?post=2538"}],"curies":[{"name":"wp","href":"https:\/\/api.w.org\/{rel}","templated":true}]}}