
{"id":1819,"date":"2021-06-09T21:06:57","date_gmt":"2021-06-09T21:06:57","guid":{"rendered":"https:\/\/assedel.org\/?p=1819"},"modified":"2023-01-21T21:00:45","modified_gmt":"2023-01-21T21:00:45","slug":"proposition-de-lassedel-pour-le-rapport-du-rapporteur-special-des-nations-unies-sur-la-liberte-de-religion-ou-de-conviction-a-la-76eme-session-de-lassemblee-generale","status":"publish","type":"post","link":"https:\/\/assedel.org\/fr\/proposition-de-lassedel-pour-le-rapport-du-rapporteur-special-des-nations-unies-sur-la-liberte-de-religion-ou-de-conviction-a-la-76eme-session-de-lassemblee-generale\/","title":{"rendered":"Proposition de l&#8217;ASSEDEL pour le rapport du Rapporteur sp\u00e9cial des Nations Unies sur la libert\u00e9 de religion ou de conviction \u00e0 la 76\u00e8me session de l&#8217;Assembl\u00e9e g\u00e9n\u00e9rale"},"content":{"rendered":"<p class=\"has-black-color has-text-color\">L\u2019ASSEDEL r\u00e9pond \u00e0 l\u2019appel \u00e0 contribution du RS de l\u2019ONU pour son rapport sur le respect, la protection et la r\u00e9alisation du droit \u00e0 la libert\u00e9 de pens\u00e9e. Le rapport soumis comprend des observations et des contributions pour 8 questions du questionnaire du RS. L\u2019ASSEDEL explique que la p\u00e9riode post-2016 en Turquie n\u2019a pas \u00e9t\u00e9 discut\u00e9e ou \u00e9valu\u00e9e sous l\u2019angle du droit \u00e0 la libert\u00e9 de pens\u00e9e et que ce droit est toujours mis \u00e0 mal tant en th\u00e9orie qu\u2019en pratique.<\/p>\n\n\n\n<p class=\"has-black-color has-text-color\">Pour lire le rapport complet, veuillez cliquer <em><strong><a href=\"https:\/\/assedel.org\/wp-content\/uploads\/2021\/06\/INPUT-FOR-SR-ON-FREEDOM-OF-RELIGION-OR-BELIEF-ASSEDEL.pdf\" target=\"_blank\" rel=\"noreferrer noopener\">ici.<\/a><\/strong><\/em><\/p>","protected":false},"excerpt":{"rendered":"<p>L\u2019ASSEDEL r\u00e9pond \u00e0 l\u2019appel \u00e0 contribution du RS de l\u2019ONU pour son rapport sur le respect, la protection et la r\u00e9alisation du&#8230;<\/p>","protected":false},"author":1,"featured_media":1723,"comment_status":"closed","ping_status":"open","sticky":false,"template":"","format":"standard","meta":{"give_campaign_id":0,"_uag_custom_page_level_css":"","footnotes":""},"categories":[83,81],"tags":[],"class_list":{"0":"post-1819","1":"post","2":"type-post","3":"status-publish","4":"format-standard","5":"has-post-thumbnail","7":"category-nations-unies","8":"category-soumissions"},"uagb_featured_image_src":{"full":["https:\/\/assedel.org\/wp-content\/uploads\/2021\/06\/FREEDOM-OF-THOUGHT-3-1.png",1080,1080,false],"thumbnail":["https:\/\/assedel.org\/wp-content\/uploads\/2021\/06\/FREEDOM-OF-THOUGHT-3-1-150x150.png",150,150,true],"medium":["https:\/\/assedel.org\/wp-content\/uploads\/2021\/06\/FREEDOM-OF-THOUGHT-3-1-300x300.png",300,300,true],"medium_large":["https:\/\/assedel.org\/wp-content\/uploads\/2021\/06\/FREEDOM-OF-THOUGHT-3-1-768x768.png",768,768,true],"large":["https:\/\/assedel.org\/wp-content\/uploads\/2021\/06\/FREEDOM-OF-THOUGHT-3-1-1024x1024.png",1024,1024,true],"1536x1536":["https:\/\/assedel.org\/wp-content\/uploads\/2021\/06\/FREEDOM-OF-THOUGHT-3-1.png",1080,1080,false],"2048x2048":["https:\/\/assedel.org\/wp-content\/uploads\/2021\/06\/FREEDOM-OF-THOUGHT-3-1.png",1080,1080,false],"trp-custom-language-flag":["https:\/\/assedel.org\/wp-content\/uploads\/2021\/06\/FREEDOM-OF-THOUGHT-3-1.png",12,12,false],"inhype-blog-thumb":["https:\/\/assedel.org\/wp-content\/uploads\/2021\/06\/FREEDOM-OF-THOUGHT-3-1.png",694,694,false],"inhype-blog-thumb-grid":["https:\/\/assedel.org\/wp-content\/uploads\/2021\/06\/FREEDOM-OF-THOUGHT-3-1.png",360,360,false],"inhype-blog-thumb-widget":["https:\/\/assedel.org\/wp-content\/uploads\/2021\/06\/FREEDOM-OF-THOUGHT-3-1.png",180,180,false],"inhype-blog-thumb-masonry":["https:\/\/assedel.org\/wp-content\/uploads\/2021\/06\/FREEDOM-OF-THOUGHT-3-1.png",360,360,false]},"uagb_author_info":{"display_name":"assedel","author_link":"https:\/\/assedel.org\/fr\/author\/assedel\/"},"uagb_comment_info":0,"uagb_excerpt":"L\u2019ASSEDEL r\u00e9pond \u00e0 l\u2019appel \u00e0 contribution du RS de l\u2019ONU pour son rapport sur le respect, la protection et la r\u00e9alisation du...","amp_enabled":true,"_links":{"self":[{"href":"https:\/\/assedel.org\/fr\/wp-json\/wp\/v2\/posts\/1819","targetHints":{"allow":["GET"]}}],"collection":[{"href":"https:\/\/assedel.org\/fr\/wp-json\/wp\/v2\/posts"}],"about":[{"href":"https:\/\/assedel.org\/fr\/wp-json\/wp\/v2\/types\/post"}],"author":[{"embeddable":true,"href":"https:\/\/assedel.org\/fr\/wp-json\/wp\/v2\/users\/1"}],"replies":[{"embeddable":true,"href":"https:\/\/assedel.org\/fr\/wp-json\/wp\/v2\/comments?post=1819"}],"version-history":[{"count":2,"href":"https:\/\/assedel.org\/fr\/wp-json\/wp\/v2\/posts\/1819\/revisions"}],"predecessor-version":[{"id":1821,"href":"https:\/\/assedel.org\/fr\/wp-json\/wp\/v2\/posts\/1819\/revisions\/1821"}],"wp:featuredmedia":[{"embeddable":true,"href":"https:\/\/assedel.org\/fr\/wp-json\/wp\/v2\/media\/1723"}],"wp:attachment":[{"href":"https:\/\/assedel.org\/fr\/wp-json\/wp\/v2\/media?parent=1819"}],"wp:term":[{"taxonomy":"category","embeddable":true,"href":"https:\/\/assedel.org\/fr\/wp-json\/wp\/v2\/categories?post=1819"},{"taxonomy":"post_tag","embeddable":true,"href":"https:\/\/assedel.org\/fr\/wp-json\/wp\/v2\/tags?post=1819"}],"curies":[{"name":"wp","href":"https:\/\/api.w.org\/{rel}","templated":true}]}}