
{"id":1814,"date":"2021-07-30T10:11:51","date_gmt":"2021-07-30T10:11:51","guid":{"rendered":"https:\/\/assedel.org\/?p=1814"},"modified":"2023-05-03T11:45:18","modified_gmt":"2023-05-03T11:45:18","slug":"assedel-publie-son-premier-rapport-dactivite","status":"publish","type":"post","link":"https:\/\/assedel.org\/fr\/assedel-publie-son-premier-rapport-dactivite\/","title":{"rendered":"ASSEDEL publie son rapport d&#8217;activit\u00e9"},"content":{"rendered":"<p class=\"has-black-color has-text-color\">L\u2019ASSEDEL se mobilise pour la promotion des droits de l\u2019homme en France et dans toute l\u2019Europe depuis sa cr\u00e9ation. Pour acc\u00e9der \u00e0 notre rapport d\u2019activit\u00e9 couvrant la p\u00e9riode de d\u00e9cembre 2020 \u00e0 juin 2021, veuillez clicker <a href=\"https:\/\/assedel.org\/wp-content\/uploads\/2021\/07\/Rapport-dactivite-ASSEDEL-Decembre-Juin.pdf\" target=\"_blank\" rel=\"noreferrer noopener\">ici.<\/a><\/p>","protected":false},"excerpt":{"rendered":"<p>L\u2019ASSEDEL se mobilise pour la promotion des droits de l\u2019homme en France et dans toute l\u2019Europe depuis sa cr\u00e9ation. Pour acc\u00e9der \u00e0&#8230;<\/p>","protected":false},"author":1,"featured_media":1812,"comment_status":"closed","ping_status":"open","sticky":false,"template":"","format":"standard","meta":{"give_campaign_id":0,"_uag_custom_page_level_css":"","footnotes":""},"categories":[92],"tags":[],"class_list":{"0":"post-1814","1":"post","2":"type-post","3":"status-publish","4":"format-standard","5":"has-post-thumbnail","7":"category-actualites-fr"},"uagb_featured_image_src":{"full":["https:\/\/assedel.org\/wp-content\/uploads\/2021\/07\/Copie-de-Jaune-Noir-Entreprise-Photo-General-Rapport.png",1080,1080,false],"thumbnail":["https:\/\/assedel.org\/wp-content\/uploads\/2021\/07\/Copie-de-Jaune-Noir-Entreprise-Photo-General-Rapport-150x150.png",150,150,true],"medium":["https:\/\/assedel.org\/wp-content\/uploads\/2021\/07\/Copie-de-Jaune-Noir-Entreprise-Photo-General-Rapport-300x300.png",300,300,true],"medium_large":["https:\/\/assedel.org\/wp-content\/uploads\/2021\/07\/Copie-de-Jaune-Noir-Entreprise-Photo-General-Rapport-768x768.png",768,768,true],"large":["https:\/\/assedel.org\/wp-content\/uploads\/2021\/07\/Copie-de-Jaune-Noir-Entreprise-Photo-General-Rapport-1024x1024.png",1024,1024,true],"1536x1536":["https:\/\/assedel.org\/wp-content\/uploads\/2021\/07\/Copie-de-Jaune-Noir-Entreprise-Photo-General-Rapport.png",1080,1080,false],"2048x2048":["https:\/\/assedel.org\/wp-content\/uploads\/2021\/07\/Copie-de-Jaune-Noir-Entreprise-Photo-General-Rapport.png",1080,1080,false],"trp-custom-language-flag":["https:\/\/assedel.org\/wp-content\/uploads\/2021\/07\/Copie-de-Jaune-Noir-Entreprise-Photo-General-Rapport.png",12,12,false],"inhype-blog-thumb":["https:\/\/assedel.org\/wp-content\/uploads\/2021\/07\/Copie-de-Jaune-Noir-Entreprise-Photo-General-Rapport.png",694,694,false],"inhype-blog-thumb-grid":["https:\/\/assedel.org\/wp-content\/uploads\/2021\/07\/Copie-de-Jaune-Noir-Entreprise-Photo-General-Rapport.png",360,360,false],"inhype-blog-thumb-widget":["https:\/\/assedel.org\/wp-content\/uploads\/2021\/07\/Copie-de-Jaune-Noir-Entreprise-Photo-General-Rapport.png",180,180,false],"inhype-blog-thumb-masonry":["https:\/\/assedel.org\/wp-content\/uploads\/2021\/07\/Copie-de-Jaune-Noir-Entreprise-Photo-General-Rapport.png",360,360,false]},"uagb_author_info":{"display_name":"assedel","author_link":"https:\/\/assedel.org\/fr\/author\/assedel\/"},"uagb_comment_info":0,"uagb_excerpt":"L\u2019ASSEDEL se mobilise pour la promotion des droits de l\u2019homme en France et dans toute l\u2019Europe depuis sa cr\u00e9ation. Pour acc\u00e9der \u00e0...","amp_enabled":true,"_links":{"self":[{"href":"https:\/\/assedel.org\/fr\/wp-json\/wp\/v2\/posts\/1814","targetHints":{"allow":["GET"]}}],"collection":[{"href":"https:\/\/assedel.org\/fr\/wp-json\/wp\/v2\/posts"}],"about":[{"href":"https:\/\/assedel.org\/fr\/wp-json\/wp\/v2\/types\/post"}],"author":[{"embeddable":true,"href":"https:\/\/assedel.org\/fr\/wp-json\/wp\/v2\/users\/1"}],"replies":[{"embeddable":true,"href":"https:\/\/assedel.org\/fr\/wp-json\/wp\/v2\/comments?post=1814"}],"version-history":[{"count":2,"href":"https:\/\/assedel.org\/fr\/wp-json\/wp\/v2\/posts\/1814\/revisions"}],"predecessor-version":[{"id":3187,"href":"https:\/\/assedel.org\/fr\/wp-json\/wp\/v2\/posts\/1814\/revisions\/3187"}],"wp:featuredmedia":[{"embeddable":true,"href":"https:\/\/assedel.org\/fr\/wp-json\/wp\/v2\/media\/1812"}],"wp:attachment":[{"href":"https:\/\/assedel.org\/fr\/wp-json\/wp\/v2\/media?parent=1814"}],"wp:term":[{"taxonomy":"category","embeddable":true,"href":"https:\/\/assedel.org\/fr\/wp-json\/wp\/v2\/categories?post=1814"},{"taxonomy":"post_tag","embeddable":true,"href":"https:\/\/assedel.org\/fr\/wp-json\/wp\/v2\/tags?post=1814"}],"curies":[{"name":"wp","href":"https:\/\/api.w.org\/{rel}","templated":true}]}}