
{"id":1507,"date":"2021-03-30T18:07:00","date_gmt":"2021-03-30T18:07:00","guid":{"rendered":"https:\/\/assedel.org\/?p=1507"},"modified":"2024-03-30T17:33:20","modified_gmt":"2024-03-30T17:33:20","slug":"why-government-targets-lgbt-in-bogazici-university-protests","status":"publish","type":"post","link":"https:\/\/assedel.org\/fr\/why-government-targets-lgbt-in-bogazici-university-protests\/","title":{"rendered":"Pourquoi le gouvernement a cibl\u00e9 la communaut\u00e9 LGBT+ lors des manifestations de l\u2019Universit\u00e9 de Bogazici?"},"content":{"rendered":"<blockquote class=\"wp-block-quote is-layout-flow wp-block-quote-is-layout-flow\"><p><em>\u201cAre you a student ? Or are you a terrorist who attempted to invade the rector\u2019s room and occupy it? This country will no longer live a protest event in Taksim. Just as we buried terrorists in Mount Judi, in Gabar, in Mount Tendurek, and entered their \u201cdens\u201d, we will continue to do so in the same way from now on. There is no such thing as LGBT. Turkey is a national and traditional country, and walking into the future with these values.\u201d \u00a0 <\/em><\/p><cite><em>(03.02.2021, Recep Tayyip Erdo\u011fan)<\/em><\/cite><\/blockquote>\n\n\n\n<p class=\"has-black-color has-text-color\">Ces phrases, qui contiennent des mots criminels selon le code p\u00e9nal turc<sup>1<\/sup>, belong to the president of Turkey, who is the guarantee of the constitution. Let\u2019s move on to the analysis of this discourse.<\/p>\n\n\n\n<ol class=\"has-black-color has-text-color wp-block-list\"><li> According to the statement of Minister of Internal Affairs, Suleyman Soylu, 101 out of 180 of the students arrested are not affiliated with Bogazici University. So almost half of the arrested students are actually from Bogazici University. On the other hand, you don\u2019t need to be a student of Bogazici University, you don\u2019t even need to be a student to protest a politically appointed rector to Bogazici University.<\/li><li>Rector\u2019s room was not invaded, students who became \u201cso wild\u201d could try to attack Melih Bulu when he tried to talk to them. It was not necessary to invade his room because Melih Bulu has already communicated with the students one-on-one for most of the time.<\/li><li>Le rappel des manifestations de Taksim n'est ni l\u00e9gale ni l\u00e9gitime, car tous les accus\u00e9s du proc\u00e8s de Gezi ont \u00e9t\u00e9 acquitt\u00e9s de toutes les charges.<\/li><li>\u201cWe entered into their dens\u201d, the past calls of his word intend to call on the fight against the PKK and G\u00fclen Movement. At present, the statement shows that this word is for the PKK, so the struggle of government to activists in Bogazici are similar to the struggle with the PKK. Even in a semantic context, pointing out PKK is added in a way that is disconnected from the sentence, and LGBT+ is mentioned right after this sentence.\u00a0 So, is LGBT+ really a terrorist organization far from national and moral values?<\/li><\/ol>\n\n\n\n<p class=\"has-black-color has-text-color\">En Turquie, \u00eatre membre des LGBT+ est tr\u00e8s difficile, comme partout ailleurs. Selon le syndicat des Employ\u00e9s des Principes Moraux et des Fondations Religieuses,<sup>2<\/sup>ce n'est pas un droit humain de \"pr\u00e9f\u00e9rer\" l'homosexualit\u00e9.<sup>3<\/sup>Cependant, selon Nihat Hatipo\u011flu, qui est membre du Y\u00d6K<sup>4<\/sup> with the approval of Erdo\u011fan, all kinds of people can be found in society, and according to him, we need to meet \u201cthis\u201d with understanding. Even according to Erdo\u011fan\u2019s 2002 version, the rights of LGBT+ should be guaranteed. So why is LGBT+ being attacked during the Bogazici University Protests?<\/p>\n\n\n\n<p class=\"has-black-color has-text-color\">R\u00e9ponse rapide : C\u2019est parce qu'il n'y avait pas d'autre moyen. <strong>Erdogan\u2019s government got stuck in the corner in economy, in social approval and of course in predicted elections.<\/strong>\u00a0<\/p>\n\n\n\n<p class=\"has-black-color has-text-color\">C'est le 2 janvier 2021 que Melih Bulu a \u00e9t\u00e9 nomm\u00e9 par Erdo\u011fan recteur de l'Universit\u00e9 Bogazici. Dans le sondage \u00e9lectoral r\u00e9alis\u00e9 par GENAR le 25 novembre 2020, pr\u00e8s de 600 personnes sur 3000 n'ont pas pr\u00e9cis\u00e9 leur pr\u00e9f\u00e9rence. En d'autres termes, il y a un taux d'\u00e9lecteurs flottants d'environ 20 % selon l'enqu\u00eate. Selon le sondage r\u00e9alis\u00e9 par Eurasia le 24 septembre 2020, le taux d'\u00e9lecteurs flottants est de 14%. Selon l'enqu\u00eate de Metropoll, le groupe le plus important apr\u00e8s l'AKP et le CHP est celui des \u00e9lecteurs flottants5.<sup>5<\/sup>.<\/p>\n\n\n\n<p class=\"has-black-color has-text-color\">75 percent of voters in the first vote of the 2018 Turkish General Elections did not vote for People\u2019s Alliance (<em>Cumhur Ittifaki)<\/em>. Selon les sondages de septembre 2020, ce taux n'a pas chang\u00e96.<sup>6<\/sup>Un d\u00e9tail \u00e0 noter est que 4 millions de jeunes de la g\u00e9n\u00e9ration Z ont vot\u00e9 lors des \u00e9lections g\u00e9n\u00e9rales de 2018, et ce sont 9,1 millions de jeunes de cette g\u00e9n\u00e9ration qui voteront lors d'une \u00e9ventuelle \u00e9lection fin 2021.<sup>7<\/sup>Ainsi, 1 \u00e9lecteur sur 5 fera partie de la g\u00e9n\u00e9ration Z. D'autre part, selon une \u00e9tude r\u00e9alis\u00e9e en 2018, 71 % des \u00e9lecteurs qui ont vot\u00e9 pour l'AKP avaient plus de 32 ans. En d'autres termes, en 2018, l'AKP a re\u00e7u environ 3\/4 de voix de la part des citoyens n\u00e9s avant 1986.<sup>8<\/sup>.<\/p>\n\n\n\n<p class=\"has-black-color has-text-color\">En 2020, la proportion de m\u00e9nages pauvres en Turquie a augment\u00e9, passant de 10,4% \u00e0 14,4%9.<sup>9<\/sup>Selon DISK-AR10 \u00a0<sup>10<\/sup> 2,2 millions de salari\u00e9s ont perdu leur emploi11.<sup>11<\/sup>D'apr\u00e8s les graphiques ci-dessous, l'\u00e9conomie turque est entr\u00e9e dans une voie irr\u00e9versible.<\/p>\n\n\n\n<figure class=\"wp-block-image size-large\"><img loading=\"lazy\" decoding=\"async\" width=\"1024\" height=\"506\" src=\"https:\/\/assedel.org\/wp-content\/uploads\/2021\/03\/image1-1024x506.png\" alt=\"\" class=\"wp-image-1510\" srcset=\"https:\/\/assedel.org\/wp-content\/uploads\/2021\/03\/image1-1024x506.png 1024w, https:\/\/assedel.org\/wp-content\/uploads\/2021\/03\/image1-300x148.png 300w, https:\/\/assedel.org\/wp-content\/uploads\/2021\/03\/image1-768x379.png 768w, https:\/\/assedel.org\/wp-content\/uploads\/2021\/03\/image1-1536x758.png 1536w, https:\/\/assedel.org\/wp-content\/uploads\/2021\/03\/image1.png 1600w\" sizes=\"auto, (max-width: 1024px) 100vw, 1024px\" \/><\/figure>\n\n\n\n<figure class=\"wp-block-image size-large\"><img loading=\"lazy\" decoding=\"async\" width=\"1024\" height=\"730\" src=\"https:\/\/assedel.org\/wp-content\/uploads\/2021\/03\/image3-1024x730.png\" alt=\"\" class=\"wp-image-1511\" srcset=\"https:\/\/assedel.org\/wp-content\/uploads\/2021\/03\/image3-1024x730.png 1024w, https:\/\/assedel.org\/wp-content\/uploads\/2021\/03\/image3-300x214.png 300w, https:\/\/assedel.org\/wp-content\/uploads\/2021\/03\/image3-768x547.png 768w, https:\/\/assedel.org\/wp-content\/uploads\/2021\/03\/image3.png 1476w\" sizes=\"auto, (max-width: 1024px) 100vw, 1024px\" \/><\/figure>\n\n\n\n<p class=\"has-black-color has-text-color\">Time is not neutral, and it is currently running against Erdo\u011fan. All this bring us these graph below12.<sup>12<\/sup>.<\/p>\n\n\n\n<figure class=\"wp-block-image size-large\"><img loading=\"lazy\" decoding=\"async\" width=\"1024\" height=\"677\" src=\"https:\/\/assedel.org\/wp-content\/uploads\/2021\/03\/image4-1024x677.png\" alt=\"\" class=\"wp-image-1512\" srcset=\"https:\/\/assedel.org\/wp-content\/uploads\/2021\/03\/image4-1024x677.png 1024w, https:\/\/assedel.org\/wp-content\/uploads\/2021\/03\/image4-300x198.png 300w, https:\/\/assedel.org\/wp-content\/uploads\/2021\/03\/image4-768x508.png 768w, https:\/\/assedel.org\/wp-content\/uploads\/2021\/03\/image4-1536x1016.png 1536w, https:\/\/assedel.org\/wp-content\/uploads\/2021\/03\/image4.png 1600w\" sizes=\"auto, (max-width: 1024px) 100vw, 1024px\" \/><\/figure>\n\n\n\n<p class=\"has-black-color has-text-color\">L'agitation sociale suffit \u00e0 provoquer une explosion en Turquie, \u00e0 l'image des pays qui se trouvent sur une ligne dangereuse. Bien que difficile \u00e0 pr\u00e9voir, les indicateurs \u00e9conomiques et d\u00e9mographiques confirment cela. Apr\u00e8s avoir \u00e9t\u00e9 l'objet de protestations pendant la pand\u00e9mie, d'abord par la soci\u00e9t\u00e9 de droit,<sup>13<\/sup>\u00a0puis par les commer\u00e7ants14,<sup>14<\/sup>et enfin par les mineurs15,<sup>15<\/sup>\u00a0le gouvernement a nomm\u00e9 un recteur \u00e0 l'universit\u00e9 de Bogazici et a tent\u00e9, consciemment ou non, de fa\u00e7onner la journ\u00e9e autour de l'opposition des LGBT+. Cette d\u00e9marche \u00e9tait \u00e0 l'avantage du gouvernement sur plusieurs points. Tout d'abord, la communaut\u00e9 LGBT+ ne dispose d'aucune garantie sp\u00e9cifique en termes juridiques en Turquie. C'est ainsi que le ministre des affaires int\u00e9rieures, S\u00fcleyman Soylu a pu accuser les membres LGBT+ d'h\u00e9r\u00e9sie16.\u00a0<sup>16<\/sup>.\u00a0 Secondly, the structure of Turkish society tends to react too strongly to LGBT+<sup>17<\/sup>. Finally,\u00a0 LGBT+ was tried to be worn out already. By fake news, that shows whistling while calling to pray at the Istanbul Pride<sup>18<\/sup>, or with alleged disrespect to the Kaaba during protests,\u00a0 reputation was already decreased by government. So Erdo\u011fan and his team have a strong card which allows use religious discourse and which will be able to turn back the floating voters again. So they are again intending to marginalize an already marginalized group even more. In other saying,\u00a0 making LGBT+ enemy is very profitable for the government, because the government can use religious rhetoric, and the answer comes by completely rejecting religious discourse, thereby consolidating the conservative groups.<\/p>\n\n\n\n<h4 class=\"wp-block-heading\"><strong>Une perspective diff\u00e9rente<\/strong><\/h4>\n\n\n\n<p class=\"has-black-color has-text-color\">The government\u2019s religious rhetoric paradoxically works for LGBT+ in long term. Visibility of these activist, of LGBT+ groups is %100 now in Turkey. Considering that Prides, Women\u2019s Day Meetings, and even all meetings are made for visibility, Erdo\u011fan\u2019s mention of LGBT+ has made their visibility in the society 100 percent. A marginal group of people slowly finds its place in society, slowly becomes normal.<\/p>\n\n\n\n<p class=\"has-black-color has-text-color\">On ne sait pas ce que le cours du temps et ce qu'un monde plus int\u00e9gr\u00e9 nous apportera, mais il est certain qu'il apportera un monde o\u00f9 les groupes LGBT+ seront plus visibles et familiers. Les donn\u00e9es statistiques dans le monde montrent cela.<\/p>\n\n\n\n<p class=\"has-black-color has-text-color\">On ne sait pas si c'est le cours du monde ou la politique d'exclusion des gouvernements qui en est la cause, mais les mentalit\u00e9s changent progressivement. Il est impossible de rester neutre face \u00e0 cette \u00e9volution, nous le verrons \u00e0 l'avenir.<\/p>\n\n\n\n<figure class=\"wp-block-image size-large\"><img loading=\"lazy\" decoding=\"async\" width=\"538\" height=\"1024\" src=\"https:\/\/assedel.org\/wp-content\/uploads\/2021\/03\/image2-538x1024.png\" alt=\"\" class=\"wp-image-1514\" srcset=\"https:\/\/assedel.org\/wp-content\/uploads\/2021\/03\/image2-538x1024.png 538w, https:\/\/assedel.org\/wp-content\/uploads\/2021\/03\/image2-158x300.png 158w, https:\/\/assedel.org\/wp-content\/uploads\/2021\/03\/image2.png 728w\" sizes=\"auto, (max-width: 538px) 100vw, 538px\" \/><\/figure>\n\n\n\n<hr class=\"wp-block-separator\"\/>\n\n\n\n<p><\/p>\n\n\n\n<p class=\"has-cyan-bluish-gray-color has-text-color has-small-font-size\">[1] Turkish Criminal and Penal Law, Article 216- (1) Any person who openly provokes a group of people belonging to different social class, religion, race, sect, or coming from another origin, to be rancorous or hostile against another group, is punished with imprisonment from one year to three years in case of such act causes risk from the aspect of public safety.\u00a0<br>These protests shall be restricted only by law.<\/p>\n\n\n\n<p class=\"has-cyan-bluish-gray-color has-text-color has-small-font-size\">      (2) Any person who openly humiliates another person just because he belongs to different social class, religion, race, sect, or comes from another origin, is punished with imprisonment from six months to one year.<\/p>\n\n\n\n<p class=\"has-cyan-bluish-gray-color has-text-color has-small-font-size\">[2] Employees union is affiliated with the Directorate of Religious Affairs<\/p>\n\n\n\n<p class=\"has-cyan-bluish-gray-color has-text-color has-small-font-size\">[3] <a href=\"https:\/\/www.cumhuriyet.com.tr\/haber\/mil-diyanet-sen-lgbtlari-hedef-aldi-escinsellik-insan-hakki-degil-1810554\">https:\/\/www.cumhuriyet.com.tr\/haber\/mil-diyanet-sen-lgbtlari-hedef-aldi-escinsellik-insan-hakki-degil-1810554<\/a><\/p>\n\n\n\n<p class=\"has-cyan-bluish-gray-color has-text-color has-small-font-size\">[4] Council of Higher Education<\/p>\n\n\n\n<p class=\"has-cyan-bluish-gray-color has-text-color has-small-font-size\">[5] <a href=\"https:\/\/tr.sputniknews.com\/politika\/202007051042390196-metropollden-secim-anketi-ak-parti-ve-mhpde-dusus-suruyor-en-buyuk-ucuncu-grup-kararsizlar\/\">https:\/\/tr.sputniknews.com\/politika\/202007051042390196-metropollden-secim-anketi-ak-parti-ve-mhpde-dusus-suruyor-en-buyuk-ucuncu-grup-kararsizlar\/<\/a><\/p>\n\n\n\n<p class=\"has-cyan-bluish-gray-color has-text-color has-small-font-size\"><a href=\"https:\/\/www.yenicaggazetesi.com.tr\/z-kusagi-sandikta-kime-oy-verecek-iste-anket-sonuclari-298653h.htm\">[6] https:\/\/www.yenicaggazetesi.com.tr\/z-kusagi-sandikta-kime-oy-verecek-iste-anket-sonuclari-298653h.htm<\/a><\/p>\n\n\n\n<p class=\"has-cyan-bluish-gray-color has-text-color has-small-font-size\"><a href=\"https:\/\/www.dogrulukpayi.com\/bulten\/z-kusaginin-oy-potansiyeli\">[7] https:\/\/www.dogrulukpayi.com\/bulten\/z-kusaginin-oy-potansiyeli<\/a><\/p>\n\n\n\n<p class=\"has-cyan-bluish-gray-color has-text-color has-small-font-size\">[8] Baran Alp Uncu, <em>Se\u00e7men K\u00fcmeleri, Ak Parti Se\u00e7menleri, <\/em>KONDA, May 2018<\/p>\n\n\n\n<p class=\"has-cyan-bluish-gray-color has-text-color has-small-font-size\"><a href=\"https:\/\/www.evrensel.net\/haber\/421724\/turkiyenin-2020-ekonomisi-1-5-milyon-yeni-yoksul-97-bin-yeni-milyoner\">[9] https:\/\/www.evrensel.net\/haber\/421724\/turkiyenin-2020-ekonomisi-1-5-milyon-yeni-yoksul-97-bin-yeni-milyoner<\/a><\/p>\n\n\n\n<p class=\"has-cyan-bluish-gray-color has-text-color has-small-font-size\">[10] Confederation of Progressive Trade Unions of Turkey<\/p>\n\n\n\n<p class=\"has-cyan-bluish-gray-color has-text-color has-small-font-size\"><a href=\"https:\/\/tr.euronews.com\/2021\/02\/11\/turkiye-de-issizlik-oran-tuik-e-gore-yuzde-12-9-ilo-ya-gore-yuzde-28-8\">[11] https:\/\/tr.euronews.com\/2021\/02\/11\/turkiye-de-issizlik-oran-tuik-e-gore-yuzde-12-9-ilo-ya-gore-yuzde-28-8<\/a><\/p>\n\n\n\n<p class=\"has-cyan-bluish-gray-color has-text-color has-small-font-size\"><a href=\"https:\/\/www.statista.com\/statistics\/263708\/unemployment-rate-in-turkey\/\">[12] https:\/\/www.statista.com\/statistics\/263708\/unemployment-rate-in-turkey\/<\/a><\/p>\n\n\n\n<p class=\"has-cyan-bluish-gray-color has-text-color has-small-font-size\"><a href=\"https:\/\/www.dw.com\/tr\/barolar\u0131n-savunma-y\u00fcr\u00fcy\u00fc\u015f\u00fcne-polis-m\u00fcdahalesi\/a-53901722\">[13] https:\/\/www.dw.com\/tr\/barolar\u0131n-savunma-y\u00fcr\u00fcy\u00fc\u015f\u00fcne-polis-m\u00fcdahalesi\/a-53901722<\/a><\/p>\n\n\n\n<p class=\"has-cyan-bluish-gray-color has-text-color has-small-font-size\"><a href=\"https:\/\/www.evrensel.net\/haber\/419835\/kadikoyde-yuzlerce-esnaf-eylem-yapti-gercekci-bir-cozum-istiyoruz-dedi\">[14] https:\/\/www.evrensel.net\/haber\/419835\/kadikoyde-yuzlerce-esnaf-eylem-yapti-gercekci-bir-cozum-istiyoruz-dedi<\/a><\/p>\n\n\n\n<p class=\"has-cyan-bluish-gray-color has-text-color has-small-font-size\"><a href=\"https:\/\/www.gazeteduvar.com.tr\/ankaraya-yuruyen-maden-iscilerine-polis-engeli-haber-1501477\">[15] https:\/\/www.gazeteduvar.com.tr\/ankaraya-yuruyen-maden-iscilerine-polis-engeli-haber-1501477<\/a><\/p>\n\n\n\n<p class=\"has-cyan-bluish-gray-color has-text-color has-small-font-size\"><a href=\"https:\/\/www.dw.com\/tr\/twitterdan-s\u00fcleyman-soylunun-tweetine-k\u0131s\u0131tlama\/a-56412692\">[16] https:\/\/www.dw.com\/tr\/twitterdan-s\u00fcleyman-soylunun-tweetine-k\u0131s\u0131tlama\/a-56412692<\/a><\/p>\n\n\n\n<p class=\"has-cyan-bluish-gray-color has-text-color has-small-font-size\">[17] Rainbow Index, 14.05.2020, https:\/\/ilga.org\/ilga-europe-rainbow-europe-map-index-2020<\/p>\n\n\n\n<p class=\"has-cyan-bluish-gray-color has-text-color has-small-font-size\">[18] While the activists were whistling the police, by chance the call to pray starts. The pro-government media gave a false colour this.<\/p>","protected":false},"excerpt":{"rendered":"<p>\u201cAre you a student ? Or are you a terrorist who attempted to invade the rector\u2019s room and occupy it? This country&#8230;<\/p>","protected":false},"author":1,"featured_media":1517,"comment_status":"closed","ping_status":"open","sticky":false,"template":"","format":"standard","meta":{"give_campaign_id":0,"_uag_custom_page_level_css":"","footnotes":""},"categories":[28],"tags":[],"class_list":{"0":"post-1507","1":"post","2":"type-post","3":"status-publish","4":"format-standard","5":"has-post-thumbnail","7":"category-opinion-eng"},"uagb_featured_image_src":{"full":["https:\/\/assedel.org\/wp-content\/uploads\/2021\/03\/Trouver-le-juste-equilibre-2.png",1024,1024,false],"thumbnail":["https:\/\/assedel.org\/wp-content\/uploads\/2021\/03\/Trouver-le-juste-equilibre-2-150x150.png",150,150,true],"medium":["https:\/\/assedel.org\/wp-content\/uploads\/2021\/03\/Trouver-le-juste-equilibre-2-300x300.png",300,300,true],"medium_large":["https:\/\/assedel.org\/wp-content\/uploads\/2021\/03\/Trouver-le-juste-equilibre-2-768x768.png",768,768,true],"large":["https:\/\/assedel.org\/wp-content\/uploads\/2021\/03\/Trouver-le-juste-equilibre-2-1024x1024.png",1024,1024,true],"1536x1536":["https:\/\/assedel.org\/wp-content\/uploads\/2021\/03\/Trouver-le-juste-equilibre-2.png",1024,1024,false],"2048x2048":["https:\/\/assedel.org\/wp-content\/uploads\/2021\/03\/Trouver-le-juste-equilibre-2.png",1024,1024,false],"trp-custom-language-flag":["https:\/\/assedel.org\/wp-content\/uploads\/2021\/03\/Trouver-le-juste-equilibre-2.png",12,12,false],"inhype-blog-thumb":["https:\/\/assedel.org\/wp-content\/uploads\/2021\/03\/Trouver-le-juste-equilibre-2.png",694,694,false],"inhype-blog-thumb-grid":["https:\/\/assedel.org\/wp-content\/uploads\/2021\/03\/Trouver-le-juste-equilibre-2.png",360,360,false],"inhype-blog-thumb-widget":["https:\/\/assedel.org\/wp-content\/uploads\/2021\/03\/Trouver-le-juste-equilibre-2.png",180,180,false],"inhype-blog-thumb-masonry":["https:\/\/assedel.org\/wp-content\/uploads\/2021\/03\/Trouver-le-juste-equilibre-2.png",360,360,false]},"uagb_author_info":{"display_name":"assedel","author_link":"https:\/\/assedel.org\/fr\/author\/assedel\/"},"uagb_comment_info":0,"uagb_excerpt":"\u201cAre you a student ? Or are you a terrorist who attempted to invade the rector\u2019s room and occupy it? This country...","amp_enabled":true,"_links":{"self":[{"href":"https:\/\/assedel.org\/fr\/wp-json\/wp\/v2\/posts\/1507","targetHints":{"allow":["GET"]}}],"collection":[{"href":"https:\/\/assedel.org\/fr\/wp-json\/wp\/v2\/posts"}],"about":[{"href":"https:\/\/assedel.org\/fr\/wp-json\/wp\/v2\/types\/post"}],"author":[{"embeddable":true,"href":"https:\/\/assedel.org\/fr\/wp-json\/wp\/v2\/users\/1"}],"replies":[{"embeddable":true,"href":"https:\/\/assedel.org\/fr\/wp-json\/wp\/v2\/comments?post=1507"}],"version-history":[{"count":8,"href":"https:\/\/assedel.org\/fr\/wp-json\/wp\/v2\/posts\/1507\/revisions"}],"predecessor-version":[{"id":1527,"href":"https:\/\/assedel.org\/fr\/wp-json\/wp\/v2\/posts\/1507\/revisions\/1527"}],"wp:featuredmedia":[{"embeddable":true,"href":"https:\/\/assedel.org\/fr\/wp-json\/wp\/v2\/media\/1517"}],"wp:attachment":[{"href":"https:\/\/assedel.org\/fr\/wp-json\/wp\/v2\/media?parent=1507"}],"wp:term":[{"taxonomy":"category","embeddable":true,"href":"https:\/\/assedel.org\/fr\/wp-json\/wp\/v2\/categories?post=1507"},{"taxonomy":"post_tag","embeddable":true,"href":"https:\/\/assedel.org\/fr\/wp-json\/wp\/v2\/tags?post=1507"}],"curies":[{"name":"wp","href":"https:\/\/api.w.org\/{rel}","templated":true}]}}