
{"id":1336,"date":"2021-02-15T11:01:19","date_gmt":"2021-02-15T11:01:19","guid":{"rendered":"https:\/\/assedel.org\/?p=1336"},"modified":"2024-03-30T17:39:16","modified_gmt":"2024-03-30T17:39:16","slug":"reponses-de-lassedel-a-lappel-du-rapporteur-special-des-nations-unies-sur-la-promotion-et-la-protection-du-droit-a-la-liberte-dopinion-et-dexpression","status":"publish","type":"post","link":"https:\/\/assedel.org\/fr\/reponses-de-lassedel-a-lappel-du-rapporteur-special-des-nations-unies-sur-la-promotion-et-la-protection-du-droit-a-la-liberte-dopinion-et-dexpression\/","title":{"rendered":"R\u00e9ponses de l&#8217;ASSEDEL \u00e0 l&#8217;appel du Rapporteur sp\u00e9cial des Nations Unies sur la promotion et la protection du droit \u00e0 la libert\u00e9 d&#8217;opinion et d&#8217;expression"},"content":{"rendered":"<p>R\u00e9pondant \u00e0 l\u2019appel du rapporteur sp\u00e9cial sur la promotion et la protection du droit \u00e0 la libert\u00e9 d\u2019opinion et d\u2019expression \u00e0 alimenter le rapport th\u00e9matique annuel de la 47e session du Conseil des droits de l\u2019homme en juin 2021, nous avons soumis nos r\u00e9ponses \u00e0 Mme Irene Khan, rapporteur sp\u00e9cial des Nations unies pour la libert\u00e9 d\u2019opinion et d\u2019expression.\u00a0<\/p>\n\n\n\n<p>Pour lire l\u2019int\u00e9gralit\u00e9 de la soumission, veuillez cliquer <strong><em><a href=\"https:\/\/assedel.org\/wp-content\/uploads\/2021\/02\/Countering-Disinformation-on-Social-Media-by-ASSEDEL-1.pdf\" target=\"_blank\" rel=\"noreferrer noopener\">ici.<\/a><\/em><\/strong><\/p>","protected":false},"excerpt":{"rendered":"<p>R\u00e9pondant \u00e0 l\u2019appel du rapporteur sp\u00e9cial sur la promotion et la protection du droit \u00e0 la libert\u00e9 d\u2019opinion et d\u2019expression \u00e0 alimenter&#8230;<\/p>","protected":false},"author":1,"featured_media":1126,"comment_status":"closed","ping_status":"open","sticky":false,"template":"","format":"standard","meta":{"give_campaign_id":0,"_uag_custom_page_level_css":"","footnotes":""},"categories":[83,81],"tags":[],"class_list":{"0":"post-1336","1":"post","2":"type-post","3":"status-publish","4":"format-standard","5":"has-post-thumbnail","7":"category-nations-unies","8":"category-soumissions"},"uagb_featured_image_src":{"full":["https:\/\/assedel.org\/wp-content\/uploads\/2021\/02\/Blanc-Simple-Montagne-Grands-Espaces-Activite-Publication-Facebook-Kopyasi-2.png",1280,1280,false],"thumbnail":["https:\/\/assedel.org\/wp-content\/uploads\/2021\/02\/Blanc-Simple-Montagne-Grands-Espaces-Activite-Publication-Facebook-Kopyasi-2-150x150.png",150,150,true],"medium":["https:\/\/assedel.org\/wp-content\/uploads\/2021\/02\/Blanc-Simple-Montagne-Grands-Espaces-Activite-Publication-Facebook-Kopyasi-2-300x300.png",300,300,true],"medium_large":["https:\/\/assedel.org\/wp-content\/uploads\/2021\/02\/Blanc-Simple-Montagne-Grands-Espaces-Activite-Publication-Facebook-Kopyasi-2-768x768.png",768,768,true],"large":["https:\/\/assedel.org\/wp-content\/uploads\/2021\/02\/Blanc-Simple-Montagne-Grands-Espaces-Activite-Publication-Facebook-Kopyasi-2-1024x1024.png",1024,1024,true],"1536x1536":["https:\/\/assedel.org\/wp-content\/uploads\/2021\/02\/Blanc-Simple-Montagne-Grands-Espaces-Activite-Publication-Facebook-Kopyasi-2.png",1280,1280,false],"2048x2048":["https:\/\/assedel.org\/wp-content\/uploads\/2021\/02\/Blanc-Simple-Montagne-Grands-Espaces-Activite-Publication-Facebook-Kopyasi-2.png",1280,1280,false],"trp-custom-language-flag":["https:\/\/assedel.org\/wp-content\/uploads\/2021\/02\/Blanc-Simple-Montagne-Grands-Espaces-Activite-Publication-Facebook-Kopyasi-2.png",12,12,false],"inhype-blog-thumb":["https:\/\/assedel.org\/wp-content\/uploads\/2021\/02\/Blanc-Simple-Montagne-Grands-Espaces-Activite-Publication-Facebook-Kopyasi-2.png",694,694,false],"inhype-blog-thumb-grid":["https:\/\/assedel.org\/wp-content\/uploads\/2021\/02\/Blanc-Simple-Montagne-Grands-Espaces-Activite-Publication-Facebook-Kopyasi-2.png",360,360,false],"inhype-blog-thumb-widget":["https:\/\/assedel.org\/wp-content\/uploads\/2021\/02\/Blanc-Simple-Montagne-Grands-Espaces-Activite-Publication-Facebook-Kopyasi-2.png",180,180,false],"inhype-blog-thumb-masonry":["https:\/\/assedel.org\/wp-content\/uploads\/2021\/02\/Blanc-Simple-Montagne-Grands-Espaces-Activite-Publication-Facebook-Kopyasi-2.png",360,360,false]},"uagb_author_info":{"display_name":"assedel","author_link":"https:\/\/assedel.org\/fr\/author\/assedel\/"},"uagb_comment_info":0,"uagb_excerpt":"R\u00e9pondant \u00e0 l\u2019appel du rapporteur sp\u00e9cial sur la promotion et la protection du droit \u00e0 la libert\u00e9 d\u2019opinion et d\u2019expression \u00e0 alimenter...","amp_enabled":true,"_links":{"self":[{"href":"https:\/\/assedel.org\/fr\/wp-json\/wp\/v2\/posts\/1336","targetHints":{"allow":["GET"]}}],"collection":[{"href":"https:\/\/assedel.org\/fr\/wp-json\/wp\/v2\/posts"}],"about":[{"href":"https:\/\/assedel.org\/fr\/wp-json\/wp\/v2\/types\/post"}],"author":[{"embeddable":true,"href":"https:\/\/assedel.org\/fr\/wp-json\/wp\/v2\/users\/1"}],"replies":[{"embeddable":true,"href":"https:\/\/assedel.org\/fr\/wp-json\/wp\/v2\/comments?post=1336"}],"version-history":[{"count":1,"href":"https:\/\/assedel.org\/fr\/wp-json\/wp\/v2\/posts\/1336\/revisions"}],"predecessor-version":[{"id":1338,"href":"https:\/\/assedel.org\/fr\/wp-json\/wp\/v2\/posts\/1336\/revisions\/1338"}],"wp:featuredmedia":[{"embeddable":true,"href":"https:\/\/assedel.org\/fr\/wp-json\/wp\/v2\/media\/1126"}],"wp:attachment":[{"href":"https:\/\/assedel.org\/fr\/wp-json\/wp\/v2\/media?parent=1336"}],"wp:term":[{"taxonomy":"category","embeddable":true,"href":"https:\/\/assedel.org\/fr\/wp-json\/wp\/v2\/categories?post=1336"},{"taxonomy":"post_tag","embeddable":true,"href":"https:\/\/assedel.org\/fr\/wp-json\/wp\/v2\/tags?post=1336"}],"curies":[{"name":"wp","href":"https:\/\/api.w.org\/{rel}","templated":true}]}}