
{"id":1270,"date":"2021-02-22T14:32:24","date_gmt":"2021-02-22T14:32:24","guid":{"rendered":"https:\/\/assedel.org\/?p=1270"},"modified":"2024-04-01T13:10:37","modified_gmt":"2024-04-01T13:10:37","slug":"demande-de-declaration-publique-de-mme-dunja-mijatovic-commissaire-aux-droits-de-lhomme-du-cde","status":"publish","type":"post","link":"https:\/\/assedel.org\/fr\/demande-de-declaration-publique-de-mme-dunja-mijatovic-commissaire-aux-droits-de-lhomme-du-cde\/","title":{"rendered":"Demande de d\u00e9claration publique de Mme Dunja Mijatovic, Commissaire aux droits de l&#8217;homme du CdE"},"content":{"rendered":"<p class=\"has-black-color has-text-color\">Une haute cour d\u2019appel a r\u00e9cemment approuv\u00e9 une peine de prison contre le l\u00e9gislateur turc et d\u00e9fenseur des droits de l\u2019homme Omer Faruk Gergerlioglu pour terrorisme, ce qui lui ouvrira la voie vers l\u2019interdiction d\u2019\u00eatre membre du Parlement. L\u2019ASSEDEL a envoy\u00e9 une lettre \u00e0 Mme. Dunja Mijatovic, Commissaire aux droits de l\u2019homme du Conseil de l\u2019Europe, pour lui demander de soutenir M. Gergerlioglu.<\/p>\n\n\n\n<p class=\"has-black-color has-text-color\">Des copies de la lettre ont \u00e9t\u00e9 partag\u00e9es avec les co-rapporteurs de l\u2019APCE pour le suivi de la Turquie, M. Thomas Hammarberg, ancien Commissaire aux droits de l\u2019homme du Conseil de l\u2019Europe, et M. John Howell du Parlement britannique.<\/p>\n\n\n\n<p class=\"has-black-color has-text-color\">Pour lire la lettre dans son int\u00e9gralit\u00e9, veuillez cliquer <a href=\"https:\/\/assedel.org\/wp-content\/uploads\/2021\/02\/Support-request-for-Deputy-Omer-Faruk-Gergerlioglu.pdf\"><strong><em>ici.<\/em><\/strong><\/a><\/p>","protected":false},"excerpt":{"rendered":"<p>Une haute cour d\u2019appel a r\u00e9cemment approuv\u00e9 une peine de prison contre le l\u00e9gislateur turc et d\u00e9fenseur des droits de l\u2019homme Omer&#8230;<\/p>","protected":false},"author":1,"featured_media":1153,"comment_status":"closed","ping_status":"open","sticky":false,"template":"","format":"standard","meta":{"give_campaign_id":0,"_uag_custom_page_level_css":"","footnotes":""},"categories":[82,81],"tags":[],"class_list":{"0":"post-1270","1":"post","2":"type-post","3":"status-publish","4":"format-standard","5":"has-post-thumbnail","7":"category-conseil-de-leurope","8":"category-soumissions"},"uagb_featured_image_src":{"full":["https:\/\/assedel.org\/wp-content\/uploads\/2021\/02\/Green-Cash-Aquarius-News-Facebook-Video-2.png",1080,1080,false],"thumbnail":["https:\/\/assedel.org\/wp-content\/uploads\/2021\/02\/Green-Cash-Aquarius-News-Facebook-Video-2-150x150.png",150,150,true],"medium":["https:\/\/assedel.org\/wp-content\/uploads\/2021\/02\/Green-Cash-Aquarius-News-Facebook-Video-2-300x300.png",300,300,true],"medium_large":["https:\/\/assedel.org\/wp-content\/uploads\/2021\/02\/Green-Cash-Aquarius-News-Facebook-Video-2-768x768.png",768,768,true],"large":["https:\/\/assedel.org\/wp-content\/uploads\/2021\/02\/Green-Cash-Aquarius-News-Facebook-Video-2-1024x1024.png",1024,1024,true],"1536x1536":["https:\/\/assedel.org\/wp-content\/uploads\/2021\/02\/Green-Cash-Aquarius-News-Facebook-Video-2.png",1080,1080,false],"2048x2048":["https:\/\/assedel.org\/wp-content\/uploads\/2021\/02\/Green-Cash-Aquarius-News-Facebook-Video-2.png",1080,1080,false],"trp-custom-language-flag":["https:\/\/assedel.org\/wp-content\/uploads\/2021\/02\/Green-Cash-Aquarius-News-Facebook-Video-2.png",12,12,false],"inhype-blog-thumb":["https:\/\/assedel.org\/wp-content\/uploads\/2021\/02\/Green-Cash-Aquarius-News-Facebook-Video-2.png",694,694,false],"inhype-blog-thumb-grid":["https:\/\/assedel.org\/wp-content\/uploads\/2021\/02\/Green-Cash-Aquarius-News-Facebook-Video-2.png",360,360,false],"inhype-blog-thumb-widget":["https:\/\/assedel.org\/wp-content\/uploads\/2021\/02\/Green-Cash-Aquarius-News-Facebook-Video-2.png",180,180,false],"inhype-blog-thumb-masonry":["https:\/\/assedel.org\/wp-content\/uploads\/2021\/02\/Green-Cash-Aquarius-News-Facebook-Video-2.png",360,360,false]},"uagb_author_info":{"display_name":"assedel","author_link":"https:\/\/assedel.org\/fr\/author\/assedel\/"},"uagb_comment_info":0,"uagb_excerpt":"Une haute cour d\u2019appel a r\u00e9cemment approuv\u00e9 une peine de prison contre le l\u00e9gislateur turc et d\u00e9fenseur des droits de l\u2019homme Omer...","amp_enabled":true,"_links":{"self":[{"href":"https:\/\/assedel.org\/fr\/wp-json\/wp\/v2\/posts\/1270","targetHints":{"allow":["GET"]}}],"collection":[{"href":"https:\/\/assedel.org\/fr\/wp-json\/wp\/v2\/posts"}],"about":[{"href":"https:\/\/assedel.org\/fr\/wp-json\/wp\/v2\/types\/post"}],"author":[{"embeddable":true,"href":"https:\/\/assedel.org\/fr\/wp-json\/wp\/v2\/users\/1"}],"replies":[{"embeddable":true,"href":"https:\/\/assedel.org\/fr\/wp-json\/wp\/v2\/comments?post=1270"}],"version-history":[{"count":3,"href":"https:\/\/assedel.org\/fr\/wp-json\/wp\/v2\/posts\/1270\/revisions"}],"predecessor-version":[{"id":1295,"href":"https:\/\/assedel.org\/fr\/wp-json\/wp\/v2\/posts\/1270\/revisions\/1295"}],"wp:featuredmedia":[{"embeddable":true,"href":"https:\/\/assedel.org\/fr\/wp-json\/wp\/v2\/media\/1153"}],"wp:attachment":[{"href":"https:\/\/assedel.org\/fr\/wp-json\/wp\/v2\/media?parent=1270"}],"wp:term":[{"taxonomy":"category","embeddable":true,"href":"https:\/\/assedel.org\/fr\/wp-json\/wp\/v2\/categories?post=1270"},{"taxonomy":"post_tag","embeddable":true,"href":"https:\/\/assedel.org\/fr\/wp-json\/wp\/v2\/tags?post=1270"}],"curies":[{"name":"wp","href":"https:\/\/api.w.org\/{rel}","templated":true}]}}