
{"id":1142,"date":"2021-02-22T14:32:24","date_gmt":"2021-02-22T14:32:24","guid":{"rendered":"https:\/\/assedel.org\/?p=1142"},"modified":"2024-03-30T16:32:06","modified_gmt":"2024-03-30T16:32:06","slug":"public-statement-request-from-ms-dunja-mijatovic-coe-commissioner-for-human-rights","status":"publish","type":"post","link":"https:\/\/assedel.org\/fr\/public-statement-request-from-ms-dunja-mijatovic-coe-commissioner-for-human-rights\/","title":{"rendered":"Demande de d\u00e9claration publique de Mme Dunja Mijatovic, Commissaire aux droits de l'homme du CdE"},"content":{"rendered":"<p class=\"has-black-color has-text-color\">Une haute cour d'appel a r\u00e9cemment approuv\u00e9 une peine de prison contre le l\u00e9gislateur turc et d\u00e9fenseur des droits de l'homme Omer Faruk Gergerlioglu pour terrorisme, ce qui lui ouvrira la voie vers l'interdiction d'\u00eatre membre du Parlement. L'ASSEDEL a envoy\u00e9 une lettre \u00e0 Mme. Dunja Mijatovic, Commissaire aux droits de l'homme du Conseil de l'Europe, pour lui demander de soutenir M. Gergerlioglu.<\/p>\n\n\n\n<p class=\"has-black-color has-text-color\"><br>Des copies de la lettre ont \u00e9t\u00e9 partag\u00e9es avec les co-rapporteurs de l'APCE pour le suivi de la Turquie, M. Thomas Hammarberg, ancien Commissaire aux droits de l'homme du Conseil de l'Europe, et M. John Howell du Parlement britannique.<\/p>\n\n\n\n<p class=\"has-black-color has-text-color\">Pour lire l'int\u00e9gralit\u00e9 de la lettre, cliquez <strong><em><a href=\"https:\/\/assedel.org\/wp-content\/uploads\/2021\/02\/Support-request-for-Deputy-Omer-Faruk-Gergerlioglu.pdf\" target=\"_blank\" rel=\"noreferrer noopener\">ici.<\/a><\/em><\/strong><\/p>","protected":false},"excerpt":{"rendered":"<p>A top appeals court has recently approved a jail sentence against Turkish lawmaker and human rights advocate Omer Faruk Gergerlioglu on terrorism&#8230;<\/p>","protected":false},"author":1,"featured_media":1153,"comment_status":"closed","ping_status":"open","sticky":false,"template":"","format":"standard","meta":{"give_campaign_id":0,"_uag_custom_page_level_css":"","footnotes":""},"categories":[30,29],"tags":[],"class_list":{"0":"post-1142","1":"post","2":"type-post","3":"status-publish","4":"format-standard","5":"has-post-thumbnail","7":"category-council-of-europe-eng","8":"category-submissions-eng"},"uagb_featured_image_src":{"full":["https:\/\/assedel.org\/wp-content\/uploads\/2021\/02\/Green-Cash-Aquarius-News-Facebook-Video-2.png",1080,1080,false],"thumbnail":["https:\/\/assedel.org\/wp-content\/uploads\/2021\/02\/Green-Cash-Aquarius-News-Facebook-Video-2-150x150.png",150,150,true],"medium":["https:\/\/assedel.org\/wp-content\/uploads\/2021\/02\/Green-Cash-Aquarius-News-Facebook-Video-2-300x300.png",300,300,true],"medium_large":["https:\/\/assedel.org\/wp-content\/uploads\/2021\/02\/Green-Cash-Aquarius-News-Facebook-Video-2-768x768.png",768,768,true],"large":["https:\/\/assedel.org\/wp-content\/uploads\/2021\/02\/Green-Cash-Aquarius-News-Facebook-Video-2-1024x1024.png",1024,1024,true],"1536x1536":["https:\/\/assedel.org\/wp-content\/uploads\/2021\/02\/Green-Cash-Aquarius-News-Facebook-Video-2.png",1080,1080,false],"2048x2048":["https:\/\/assedel.org\/wp-content\/uploads\/2021\/02\/Green-Cash-Aquarius-News-Facebook-Video-2.png",1080,1080,false],"trp-custom-language-flag":["https:\/\/assedel.org\/wp-content\/uploads\/2021\/02\/Green-Cash-Aquarius-News-Facebook-Video-2.png",12,12,false],"inhype-blog-thumb":["https:\/\/assedel.org\/wp-content\/uploads\/2021\/02\/Green-Cash-Aquarius-News-Facebook-Video-2.png",694,694,false],"inhype-blog-thumb-grid":["https:\/\/assedel.org\/wp-content\/uploads\/2021\/02\/Green-Cash-Aquarius-News-Facebook-Video-2.png",360,360,false],"inhype-blog-thumb-widget":["https:\/\/assedel.org\/wp-content\/uploads\/2021\/02\/Green-Cash-Aquarius-News-Facebook-Video-2.png",180,180,false],"inhype-blog-thumb-masonry":["https:\/\/assedel.org\/wp-content\/uploads\/2021\/02\/Green-Cash-Aquarius-News-Facebook-Video-2.png",360,360,false]},"uagb_author_info":{"display_name":"assedel","author_link":"https:\/\/assedel.org\/fr\/author\/assedel\/"},"uagb_comment_info":0,"uagb_excerpt":"A top appeals court has recently approved a jail sentence against Turkish lawmaker and human rights advocate Omer Faruk Gergerlioglu on terrorism...","amp_enabled":true,"_links":{"self":[{"href":"https:\/\/assedel.org\/fr\/wp-json\/wp\/v2\/posts\/1142","targetHints":{"allow":["GET"]}}],"collection":[{"href":"https:\/\/assedel.org\/fr\/wp-json\/wp\/v2\/posts"}],"about":[{"href":"https:\/\/assedel.org\/fr\/wp-json\/wp\/v2\/types\/post"}],"author":[{"embeddable":true,"href":"https:\/\/assedel.org\/fr\/wp-json\/wp\/v2\/users\/1"}],"replies":[{"embeddable":true,"href":"https:\/\/assedel.org\/fr\/wp-json\/wp\/v2\/comments?post=1142"}],"version-history":[{"count":5,"href":"https:\/\/assedel.org\/fr\/wp-json\/wp\/v2\/posts\/1142\/revisions"}],"predecessor-version":[{"id":1289,"href":"https:\/\/assedel.org\/fr\/wp-json\/wp\/v2\/posts\/1142\/revisions\/1289"}],"wp:featuredmedia":[{"embeddable":true,"href":"https:\/\/assedel.org\/fr\/wp-json\/wp\/v2\/media\/1153"}],"wp:attachment":[{"href":"https:\/\/assedel.org\/fr\/wp-json\/wp\/v2\/media?parent=1142"}],"wp:term":[{"taxonomy":"category","embeddable":true,"href":"https:\/\/assedel.org\/fr\/wp-json\/wp\/v2\/categories?post=1142"},{"taxonomy":"post_tag","embeddable":true,"href":"https:\/\/assedel.org\/fr\/wp-json\/wp\/v2\/tags?post=1142"}],"curies":[{"name":"wp","href":"https:\/\/api.w.org\/{rel}","templated":true}]}}